{"id":186,"date":"2018-04-23T17:54:16","date_gmt":"2018-04-23T17:54:16","guid":{"rendered":"http:\/\/clinicaayf.com\/enfamilia\/?p=186"},"modified":"2023-06-15T11:24:59","modified_gmt":"2023-06-15T11:24:59","slug":"cuida-tu-sonrisa-para-este-verano","status":"publish","type":"post","link":"https:\/\/clinicaayf.com\/enfamilia\/2018\/04\/cuida-tu-sonrisa-para-este-verano.html","title":{"rendered":"Cuida tu sonrisa para este verano"},"content":{"rendered":"<p><img fetchpriority=\"high\" decoding=\"async\" class=\"alignnone wp-image-187 size-large\" src=\"https:\/\/clinicaayf.com\/enfamilia\/wp-content\/uploads\/2018\/04\/pareja_helado-1024x417.jpg\" alt=\"sonrisa helado\" width=\"750\" height=\"305\" srcset=\"https:\/\/clinicaayf.com\/enfamilia\/wp-content\/uploads\/2018\/04\/pareja_helado-1024x417.jpg 1024w, https:\/\/clinicaayf.com\/enfamilia\/wp-content\/uploads\/2018\/04\/pareja_helado-300x122.jpg 300w, https:\/\/clinicaayf.com\/enfamilia\/wp-content\/uploads\/2018\/04\/pareja_helado-768x313.jpg 768w, https:\/\/clinicaayf.com\/enfamilia\/wp-content\/uploads\/2018\/04\/pareja_helado.jpg 1280w\" sizes=\"(max-width: 706px) 89vw, (max-width: 767px) 82vw, 740px\" \/><\/p>\n<p>Hoy os queremos dejar algunos <strong>consejos sobre la importancia de cuidar nuestra boca antes y durante la \u00e9poca estival, <\/strong>para lograr una <strong>sonrisa lo m\u00e1s natural y agradable<\/strong> posible, especialmente ahora que nos iremos preparando para <strong>el verano, con la llegada del buen tiempo y el clima m\u00e1s c\u00e1lido.<\/strong><\/p>\n<h5><strong>1- Reducir el consumo de productos alimenticios o bebidas con mucho az\u00facar<\/strong><\/h5>\n<p>Esto incluye caramelos, golosinas, bebidas azucaradas, helados&#8230; Y sobre todo, despu\u00e9s de consumirlos,\u00a0 cepillar nuestros dientes, junto con el uso combinado de hilo dental y enjuague bucal.<\/p>\n<h5><strong>2- El agua es nuestro aliado<\/strong><\/h5>\n<p>Para mantener una sonrisa sana, hay que mantener el cuerpo hidratado, lo cual repercutir\u00e1 adem\u00e1s en una mente sana. El agua es el mejor l\u00edquido hidratante con el que podemos alimentar a nuestro cuerpo. Esto es especialmente importante cuando suben las temperaturas y la deshidrataci\u00f3n ocurre de manera m\u00e1s r\u00e1pida.<\/p>\n<h5><strong>3- Revisiones dentales de mayores y peques<\/strong><\/h5>\n<p><strong>No dejes que un s\u00fabito problema de salud dental pueda estropear tus ansiadas vacaciones<\/strong>, o cualquier celebraci\u00f3n especial que vayas a realizar en este per\u00edodo primaveral y posteriormente en el estival.<\/p>\n<p>Realiza una revisi\u00f3n dental cuanto antes, ya que <strong>un peque\u00f1o problema detectado a tiempo evitar\u00e1 problemas mayores y en momentos inoportunos<\/strong>. Es id\u00f3neo el realizar la revisi\u00f3n en todos los miembros de la familia, especialmente de los peques, para que todos pod\u00e1is disfrutar del verano.<\/p>\n<h5><strong>4- Dientes sensibles a cambios de temperatura<\/strong><\/h5>\n<p>Cuando se acerca el buen tiempo, <strong>solemos consumir alimentos fr\u00edos<\/strong>, los cuales pueden provocar <strong>molestias o dolores por los cambios de temperatura<\/strong>, como\u00a0 helados o bebidas con hielo. Estas molestias suelen deberse a un motivo oculto, por ello es importante realizar revisiones dentales para que la experiencia de disfrutar de un helado con tus amigos, pareja o familia, no se convierta en un suplicio.<\/p>\n<h5><strong>5- Recuerda continuar con las revisiones de tu ortodoncia o alineador dental<\/strong><\/h5>\n<p>Para que todos los avances realizados no den un paso atr\u00e1s, es necesario <strong>continuar con las pautas dadas por tu dentista de manera estricta<\/strong>, as\u00ed que <strong>no te olvides de tus citas y revisiones<\/strong> de ortodoncia o alineador dental cuando vayas a realizar un viaje.<\/p>\n<p>&nbsp;<\/p>\n<div><a href=\"https:\/\/clinicaayf.com\/enfamilia\/wp-content\/uploads\/2018\/03\/Mayte_Abeledo.png\"><img decoding=\"async\" class=\"alignleft\" title=\"Mayte Abeledo Becerra\" src=\"https:\/\/clinicaayf.com\/enfamilia\/wp-content\/uploads\/2018\/03\/Mayte_Abeledo-298x300.png\" alt=\"Mayte Abeledo Becerra\" width=\"198\" height=\"200\" border=\"0\" data-original-width=\"334\" data-original-height=\"336\" \/><\/a><\/div>\n<p><b>Dra. Mayte Abeledo Becerra\u00a0<\/b><\/p>\n<p><strong>Odont\u00f3loga Especialista en Cirug\u00eda Oral y Ortodoncia<\/strong><\/p>\n<p>Cl\u00ednica Odontol\u00f3gica Abeledo y Filpo<\/p>\n<div>\n<div>Calle San Roque, 38-40, Lugo<\/div>\n<\/div>\n<div>\n<div><a href=\"http:\/\/www.clinicaayf.com\/\">www.clinicaayf.com<\/a><\/div>\n<\/div>\n<div>\n<div>Tel\u00e9fono: 982 816 930<\/div>\n<\/div>\n<p>&nbsp;<\/p>\n","protected":false},"excerpt":{"rendered":"<p>Hoy os queremos dejar algunos consejos sobre la importancia de cuidar nuestra boca antes y durante la \u00e9poca estival, para lograr una sonrisa lo m\u00e1s natural y agradable posible, especialmente ahora que nos iremos preparando para el verano, con la llegada del buen tiempo y el clima m\u00e1s c\u00e1lido. 1- Reducir el consumo de productos &hellip; <\/p>\n<p class=\"link-more\"><a href=\"https:\/\/clinicaayf.com\/enfamilia\/2018\/04\/cuida-tu-sonrisa-para-este-verano.html\" class=\"more-link\">Continuar leyendo<span class=\"screen-reader-text\"> &#8220;Cuida tu sonrisa para este verano&#8221;<\/span><\/a><\/p>\n","protected":false},"author":1,"featured_media":187,"comment_status":"closed","ping_status":"open","sticky":false,"template":"","format":"standard","meta":{"footnotes":""},"categories":[4],"tags":[13,12],"class_list":["post-186","post","type-post","status-publish","format-standard","has-post-thumbnail","hentry","category-consejos-salud-bucal","tag-cuidado-de-sonrisa","tag-sonrisa"],"yoast_head":"<!-- This site is optimized with the Yoast SEO plugin v26.2 - https:\/\/yoast.com\/wordpress\/plugins\/seo\/ -->\n<title>Cuida tu sonrisa para este verano - Abeledo y Filpo en familia<\/title>\n<meta name=\"robots\" content=\"index, follow, max-snippet:-1, max-image-preview:large, max-video-preview:-1\" \/>\n<link rel=\"canonical\" href=\"https:\/\/clinicaayf.com\/enfamilia\/2018\/04\/cuida-tu-sonrisa-para-este-verano.html\" \/>\n<meta property=\"og:locale\" content=\"es_ES\" \/>\n<meta property=\"og:type\" content=\"article\" \/>\n<meta property=\"og:title\" content=\"Cuida tu sonrisa para este verano - Abeledo y Filpo en familia\" \/>\n<meta property=\"og:description\" content=\"Hoy os queremos dejar algunos consejos sobre la importancia de cuidar nuestra boca antes y durante la \u00e9poca estival, para lograr una sonrisa lo m\u00e1s natural y agradable posible, especialmente ahora que nos iremos preparando para el verano, con la llegada del buen tiempo y el clima m\u00e1s c\u00e1lido. 1- Reducir el consumo de productos &hellip; Continuar leyendo &quot;Cuida tu sonrisa para este verano&quot;\" \/>\n<meta property=\"og:url\" content=\"https:\/\/clinicaayf.com\/enfamilia\/2018\/04\/cuida-tu-sonrisa-para-este-verano.html\" \/>\n<meta property=\"og:site_name\" content=\"Abeledo y Filpo en familia\" \/>\n<meta property=\"article:publisher\" content=\"https:\/\/www.facebook.com\/clinica.dental.abeledoyfilpo\/\" \/>\n<meta property=\"article:published_time\" content=\"2018-04-23T17:54:16+00:00\" \/>\n<meta property=\"article:modified_time\" content=\"2023-06-15T11:24:59+00:00\" \/>\n<meta property=\"og:image\" content=\"https:\/\/clinicaayf.com\/enfamilia\/wp-content\/uploads\/2018\/04\/pareja_helado.jpg\" \/>\n\t<meta property=\"og:image:width\" content=\"1280\" \/>\n\t<meta property=\"og:image:height\" content=\"521\" \/>\n\t<meta property=\"og:image:type\" content=\"image\/jpeg\" \/>\n<meta name=\"author\" content=\"Patrulla Dental\" \/>\n<meta name=\"twitter:card\" content=\"summary_large_image\" \/>\n<meta name=\"twitter:label1\" content=\"Escrito por\" \/>\n\t<meta name=\"twitter:data1\" content=\"Patrulla Dental\" \/>\n\t<meta name=\"twitter:label2\" content=\"Tiempo de lectura\" \/>\n\t<meta name=\"twitter:data2\" content=\"2 minutos\" \/>\n<script type=\"application\/ld+json\" class=\"yoast-schema-graph\">{\"@context\":\"https:\/\/schema.org\",\"@graph\":[{\"@type\":\"Article\",\"@id\":\"https:\/\/clinicaayf.com\/enfamilia\/2018\/04\/cuida-tu-sonrisa-para-este-verano.html#article\",\"isPartOf\":{\"@id\":\"https:\/\/clinicaayf.com\/enfamilia\/2018\/04\/cuida-tu-sonrisa-para-este-verano.html\"},\"author\":{\"name\":\"Patrulla Dental\",\"@id\":\"https:\/\/clinicaayf.com\/enfamilia\/#\/schema\/person\/67677c9d790510293038ecd843870158\"},\"headline\":\"Cuida tu sonrisa para este verano\",\"datePublished\":\"2018-04-23T17:54:16+00:00\",\"dateModified\":\"2023-06-15T11:24:59+00:00\",\"mainEntityOfPage\":{\"@id\":\"https:\/\/clinicaayf.com\/enfamilia\/2018\/04\/cuida-tu-sonrisa-para-este-verano.html\"},\"wordCount\":413,\"publisher\":{\"@id\":\"https:\/\/clinicaayf.com\/enfamilia\/#organization\"},\"image\":{\"@id\":\"https:\/\/clinicaayf.com\/enfamilia\/2018\/04\/cuida-tu-sonrisa-para-este-verano.html#primaryimage\"},\"thumbnailUrl\":\"https:\/\/clinicaayf.com\/enfamilia\/wp-content\/uploads\/2018\/04\/pareja_helado.jpg\",\"keywords\":[\"cuidado de sonrisa\",\"sonrisa\"],\"articleSection\":[\"consejos salud bucal\"],\"inLanguage\":\"es\"},{\"@type\":\"WebPage\",\"@id\":\"https:\/\/clinicaayf.com\/enfamilia\/2018\/04\/cuida-tu-sonrisa-para-este-verano.html\",\"url\":\"https:\/\/clinicaayf.com\/enfamilia\/2018\/04\/cuida-tu-sonrisa-para-este-verano.html\",\"name\":\"Cuida tu sonrisa para este verano - Abeledo y Filpo en familia\",\"isPartOf\":{\"@id\":\"https:\/\/clinicaayf.com\/enfamilia\/#website\"},\"primaryImageOfPage\":{\"@id\":\"https:\/\/clinicaayf.com\/enfamilia\/2018\/04\/cuida-tu-sonrisa-para-este-verano.html#primaryimage\"},\"image\":{\"@id\":\"https:\/\/clinicaayf.com\/enfamilia\/2018\/04\/cuida-tu-sonrisa-para-este-verano.html#primaryimage\"},\"thumbnailUrl\":\"https:\/\/clinicaayf.com\/enfamilia\/wp-content\/uploads\/2018\/04\/pareja_helado.jpg\",\"datePublished\":\"2018-04-23T17:54:16+00:00\",\"dateModified\":\"2023-06-15T11:24:59+00:00\",\"breadcrumb\":{\"@id\":\"https:\/\/clinicaayf.com\/enfamilia\/2018\/04\/cuida-tu-sonrisa-para-este-verano.html#breadcrumb\"},\"inLanguage\":\"es\",\"potentialAction\":[{\"@type\":\"ReadAction\",\"target\":[\"https:\/\/clinicaayf.com\/enfamilia\/2018\/04\/cuida-tu-sonrisa-para-este-verano.html\"]}]},{\"@type\":\"ImageObject\",\"inLanguage\":\"es\",\"@id\":\"https:\/\/clinicaayf.com\/enfamilia\/2018\/04\/cuida-tu-sonrisa-para-este-verano.html#primaryimage\",\"url\":\"https:\/\/clinicaayf.com\/enfamilia\/wp-content\/uploads\/2018\/04\/pareja_helado.jpg\",\"contentUrl\":\"https:\/\/clinicaayf.com\/enfamilia\/wp-content\/uploads\/2018\/04\/pareja_helado.jpg\",\"width\":1280,\"height\":521,\"caption\":\"sonrisa helado\"},{\"@type\":\"BreadcrumbList\",\"@id\":\"https:\/\/clinicaayf.com\/enfamilia\/2018\/04\/cuida-tu-sonrisa-para-este-verano.html#breadcrumb\",\"itemListElement\":[{\"@type\":\"ListItem\",\"position\":1,\"name\":\"Portada\",\"item\":\"https:\/\/clinicaayf.com\/enfamilia\/\"},{\"@type\":\"ListItem\",\"position\":2,\"name\":\"Cuida tu sonrisa para este verano\"}]},{\"@type\":\"WebSite\",\"@id\":\"https:\/\/clinicaayf.com\/enfamilia\/#website\",\"url\":\"https:\/\/clinicaayf.com\/enfamilia\/\",\"name\":\"Abeledo y Filpo Cl\u00ednica Dental\",\"description\":\"Consejos e informaci\u00f3n dental. Suscr\u00edbete para mantener tu salud dental al d\u00eda.\",\"publisher\":{\"@id\":\"https:\/\/clinicaayf.com\/enfamilia\/#organization\"},\"potentialAction\":[{\"@type\":\"SearchAction\",\"target\":{\"@type\":\"EntryPoint\",\"urlTemplate\":\"https:\/\/clinicaayf.com\/enfamilia\/?s={search_term_string}\"},\"query-input\":{\"@type\":\"PropertyValueSpecification\",\"valueRequired\":true,\"valueName\":\"search_term_string\"}}],\"inLanguage\":\"es\"},{\"@type\":\"Organization\",\"@id\":\"https:\/\/clinicaayf.com\/enfamilia\/#organization\",\"name\":\"Cl\u00ednica Odontol\u00f3gica Abeledo y FIlpo\",\"url\":\"https:\/\/clinicaayf.com\/enfamilia\/\",\"logo\":{\"@type\":\"ImageObject\",\"inLanguage\":\"es\",\"@id\":\"https:\/\/clinicaayf.com\/enfamilia\/#\/schema\/logo\/image\/\",\"url\":\"http:\/\/clinicaayf.com\/enfamilia\/wp-content\/uploads\/2018\/03\/19105598_142201426343254_64350248848668328_n.png\",\"contentUrl\":\"http:\/\/clinicaayf.com\/enfamilia\/wp-content\/uploads\/2018\/03\/19105598_142201426343254_64350248848668328_n.png\",\"width\":339,\"height\":339,\"caption\":\"Cl\u00ednica Odontol\u00f3gica Abeledo y FIlpo\"},\"image\":{\"@id\":\"https:\/\/clinicaayf.com\/enfamilia\/#\/schema\/logo\/image\/\"},\"sameAs\":[\"https:\/\/www.facebook.com\/clinica.dental.abeledoyfilpo\/\"]},{\"@type\":\"Person\",\"@id\":\"https:\/\/clinicaayf.com\/enfamilia\/#\/schema\/person\/67677c9d790510293038ecd843870158\",\"name\":\"Patrulla Dental\",\"image\":{\"@type\":\"ImageObject\",\"inLanguage\":\"es\",\"@id\":\"https:\/\/clinicaayf.com\/enfamilia\/#\/schema\/person\/image\/\",\"url\":\"https:\/\/secure.gravatar.com\/avatar\/e90f04f201af36346be5ac9d403125e07bf245968fd4c99a31bccfa04d1191ae?s=96&d=mm&r=g\",\"contentUrl\":\"https:\/\/secure.gravatar.com\/avatar\/e90f04f201af36346be5ac9d403125e07bf245968fd4c99a31bccfa04d1191ae?s=96&d=mm&r=g\",\"caption\":\"Patrulla Dental\"}}]}<\/script>\n<!-- \/ Yoast SEO plugin. -->","yoast_head_json":{"title":"Cuida tu sonrisa para este verano - Abeledo y Filpo en familia","robots":{"index":"index","follow":"follow","max-snippet":"max-snippet:-1","max-image-preview":"max-image-preview:large","max-video-preview":"max-video-preview:-1"},"canonical":"https:\/\/clinicaayf.com\/enfamilia\/2018\/04\/cuida-tu-sonrisa-para-este-verano.html","og_locale":"es_ES","og_type":"article","og_title":"Cuida tu sonrisa para este verano - Abeledo y Filpo en familia","og_description":"Hoy os queremos dejar algunos consejos sobre la importancia de cuidar nuestra boca antes y durante la \u00e9poca estival, para lograr una sonrisa lo m\u00e1s natural y agradable posible, especialmente ahora que nos iremos preparando para el verano, con la llegada del buen tiempo y el clima m\u00e1s c\u00e1lido. 1- Reducir el consumo de productos &hellip; Continuar leyendo \"Cuida tu sonrisa para este verano\"","og_url":"https:\/\/clinicaayf.com\/enfamilia\/2018\/04\/cuida-tu-sonrisa-para-este-verano.html","og_site_name":"Abeledo y Filpo en familia","article_publisher":"https:\/\/www.facebook.com\/clinica.dental.abeledoyfilpo\/","article_published_time":"2018-04-23T17:54:16+00:00","article_modified_time":"2023-06-15T11:24:59+00:00","og_image":[{"width":1280,"height":521,"url":"https:\/\/clinicaayf.com\/enfamilia\/wp-content\/uploads\/2018\/04\/pareja_helado.jpg","type":"image\/jpeg"}],"author":"Patrulla Dental","twitter_card":"summary_large_image","twitter_misc":{"Escrito por":"Patrulla Dental","Tiempo de lectura":"2 minutos"},"schema":{"@context":"https:\/\/schema.org","@graph":[{"@type":"Article","@id":"https:\/\/clinicaayf.com\/enfamilia\/2018\/04\/cuida-tu-sonrisa-para-este-verano.html#article","isPartOf":{"@id":"https:\/\/clinicaayf.com\/enfamilia\/2018\/04\/cuida-tu-sonrisa-para-este-verano.html"},"author":{"name":"Patrulla Dental","@id":"https:\/\/clinicaayf.com\/enfamilia\/#\/schema\/person\/67677c9d790510293038ecd843870158"},"headline":"Cuida tu sonrisa para este verano","datePublished":"2018-04-23T17:54:16+00:00","dateModified":"2023-06-15T11:24:59+00:00","mainEntityOfPage":{"@id":"https:\/\/clinicaayf.com\/enfamilia\/2018\/04\/cuida-tu-sonrisa-para-este-verano.html"},"wordCount":413,"publisher":{"@id":"https:\/\/clinicaayf.com\/enfamilia\/#organization"},"image":{"@id":"https:\/\/clinicaayf.com\/enfamilia\/2018\/04\/cuida-tu-sonrisa-para-este-verano.html#primaryimage"},"thumbnailUrl":"https:\/\/clinicaayf.com\/enfamilia\/wp-content\/uploads\/2018\/04\/pareja_helado.jpg","keywords":["cuidado de sonrisa","sonrisa"],"articleSection":["consejos salud bucal"],"inLanguage":"es"},{"@type":"WebPage","@id":"https:\/\/clinicaayf.com\/enfamilia\/2018\/04\/cuida-tu-sonrisa-para-este-verano.html","url":"https:\/\/clinicaayf.com\/enfamilia\/2018\/04\/cuida-tu-sonrisa-para-este-verano.html","name":"Cuida tu sonrisa para este verano - Abeledo y Filpo en familia","isPartOf":{"@id":"https:\/\/clinicaayf.com\/enfamilia\/#website"},"primaryImageOfPage":{"@id":"https:\/\/clinicaayf.com\/enfamilia\/2018\/04\/cuida-tu-sonrisa-para-este-verano.html#primaryimage"},"image":{"@id":"https:\/\/clinicaayf.com\/enfamilia\/2018\/04\/cuida-tu-sonrisa-para-este-verano.html#primaryimage"},"thumbnailUrl":"https:\/\/clinicaayf.com\/enfamilia\/wp-content\/uploads\/2018\/04\/pareja_helado.jpg","datePublished":"2018-04-23T17:54:16+00:00","dateModified":"2023-06-15T11:24:59+00:00","breadcrumb":{"@id":"https:\/\/clinicaayf.com\/enfamilia\/2018\/04\/cuida-tu-sonrisa-para-este-verano.html#breadcrumb"},"inLanguage":"es","potentialAction":[{"@type":"ReadAction","target":["https:\/\/clinicaayf.com\/enfamilia\/2018\/04\/cuida-tu-sonrisa-para-este-verano.html"]}]},{"@type":"ImageObject","inLanguage":"es","@id":"https:\/\/clinicaayf.com\/enfamilia\/2018\/04\/cuida-tu-sonrisa-para-este-verano.html#primaryimage","url":"https:\/\/clinicaayf.com\/enfamilia\/wp-content\/uploads\/2018\/04\/pareja_helado.jpg","contentUrl":"https:\/\/clinicaayf.com\/enfamilia\/wp-content\/uploads\/2018\/04\/pareja_helado.jpg","width":1280,"height":521,"caption":"sonrisa helado"},{"@type":"BreadcrumbList","@id":"https:\/\/clinicaayf.com\/enfamilia\/2018\/04\/cuida-tu-sonrisa-para-este-verano.html#breadcrumb","itemListElement":[{"@type":"ListItem","position":1,"name":"Portada","item":"https:\/\/clinicaayf.com\/enfamilia\/"},{"@type":"ListItem","position":2,"name":"Cuida tu sonrisa para este verano"}]},{"@type":"WebSite","@id":"https:\/\/clinicaayf.com\/enfamilia\/#website","url":"https:\/\/clinicaayf.com\/enfamilia\/","name":"Abeledo y Filpo Cl\u00ednica Dental","description":"Consejos e informaci\u00f3n dental. Suscr\u00edbete para mantener tu salud dental al d\u00eda.","publisher":{"@id":"https:\/\/clinicaayf.com\/enfamilia\/#organization"},"potentialAction":[{"@type":"SearchAction","target":{"@type":"EntryPoint","urlTemplate":"https:\/\/clinicaayf.com\/enfamilia\/?s={search_term_string}"},"query-input":{"@type":"PropertyValueSpecification","valueRequired":true,"valueName":"search_term_string"}}],"inLanguage":"es"},{"@type":"Organization","@id":"https:\/\/clinicaayf.com\/enfamilia\/#organization","name":"Cl\u00ednica Odontol\u00f3gica Abeledo y FIlpo","url":"https:\/\/clinicaayf.com\/enfamilia\/","logo":{"@type":"ImageObject","inLanguage":"es","@id":"https:\/\/clinicaayf.com\/enfamilia\/#\/schema\/logo\/image\/","url":"http:\/\/clinicaayf.com\/enfamilia\/wp-content\/uploads\/2018\/03\/19105598_142201426343254_64350248848668328_n.png","contentUrl":"http:\/\/clinicaayf.com\/enfamilia\/wp-content\/uploads\/2018\/03\/19105598_142201426343254_64350248848668328_n.png","width":339,"height":339,"caption":"Cl\u00ednica Odontol\u00f3gica Abeledo y FIlpo"},"image":{"@id":"https:\/\/clinicaayf.com\/enfamilia\/#\/schema\/logo\/image\/"},"sameAs":["https:\/\/www.facebook.com\/clinica.dental.abeledoyfilpo\/"]},{"@type":"Person","@id":"https:\/\/clinicaayf.com\/enfamilia\/#\/schema\/person\/67677c9d790510293038ecd843870158","name":"Patrulla Dental","image":{"@type":"ImageObject","inLanguage":"es","@id":"https:\/\/clinicaayf.com\/enfamilia\/#\/schema\/person\/image\/","url":"https:\/\/secure.gravatar.com\/avatar\/e90f04f201af36346be5ac9d403125e07bf245968fd4c99a31bccfa04d1191ae?s=96&d=mm&r=g","contentUrl":"https:\/\/secure.gravatar.com\/avatar\/e90f04f201af36346be5ac9d403125e07bf245968fd4c99a31bccfa04d1191ae?s=96&d=mm&r=g","caption":"Patrulla Dental"}}]}},"post_mailing_queue_ids":[],"_links":{"self":[{"href":"https:\/\/clinicaayf.com\/enfamilia\/wp-json\/wp\/v2\/posts\/186","targetHints":{"allow":["GET"]}}],"collection":[{"href":"https:\/\/clinicaayf.com\/enfamilia\/wp-json\/wp\/v2\/posts"}],"about":[{"href":"https:\/\/clinicaayf.com\/enfamilia\/wp-json\/wp\/v2\/types\/post"}],"author":[{"embeddable":true,"href":"https:\/\/clinicaayf.com\/enfamilia\/wp-json\/wp\/v2\/users\/1"}],"replies":[{"embeddable":true,"href":"https:\/\/clinicaayf.com\/enfamilia\/wp-json\/wp\/v2\/comments?post=186"}],"version-history":[{"count":4,"href":"https:\/\/clinicaayf.com\/enfamilia\/wp-json\/wp\/v2\/posts\/186\/revisions"}],"predecessor-version":[{"id":191,"href":"https:\/\/clinicaayf.com\/enfamilia\/wp-json\/wp\/v2\/posts\/186\/revisions\/191"}],"wp:featuredmedia":[{"embeddable":true,"href":"https:\/\/clinicaayf.com\/enfamilia\/wp-json\/wp\/v2\/media\/187"}],"wp:attachment":[{"href":"https:\/\/clinicaayf.com\/enfamilia\/wp-json\/wp\/v2\/media?parent=186"}],"wp:term":[{"taxonomy":"category","embeddable":true,"href":"https:\/\/clinicaayf.com\/enfamilia\/wp-json\/wp\/v2\/categories?post=186"},{"taxonomy":"post_tag","embeddable":true,"href":"https:\/\/clinicaayf.com\/enfamilia\/wp-json\/wp\/v2\/tags?post=186"}],"curies":[{"name":"wp","href":"https:\/\/api.w.org\/{rel}","templated":true}]}}