{"id":273,"date":"2018-10-03T13:47:52","date_gmt":"2018-10-03T13:47:52","guid":{"rendered":"http:\/\/clinicaayf.com\/enfamilia\/?p=273"},"modified":"2023-06-15T11:24:58","modified_gmt":"2023-06-15T11:24:58","slug":"el-poder-de-tu-sonrisa","status":"publish","type":"post","link":"https:\/\/clinicaayf.com\/enfamilia\/2018\/10\/el-poder-de-tu-sonrisa.html","title":{"rendered":"El poder de tu sonrisa"},"content":{"rendered":"\r\n<figure class=\"wp-block-image\"><img fetchpriority=\"high\" decoding=\"async\" src=\"https:\/\/clinicaayf.com\/enfamilia\/wp-content\/uploads\/2018\/10\/sonrisas-1024x717.jpg\" alt=\"\" class=\"aligncenter wp-image-275 size-large\" width=\"750\" height=\"525\" srcset=\"https:\/\/clinicaayf.com\/enfamilia\/wp-content\/uploads\/2018\/10\/sonrisas-1024x717.jpg 1024w, https:\/\/clinicaayf.com\/enfamilia\/wp-content\/uploads\/2018\/10\/sonrisas-300x210.jpg 300w, https:\/\/clinicaayf.com\/enfamilia\/wp-content\/uploads\/2018\/10\/sonrisas-768x538.jpg 768w, https:\/\/clinicaayf.com\/enfamilia\/wp-content\/uploads\/2018\/10\/sonrisas.jpg 1200w\" sizes=\"(max-width: 706px) 89vw, (max-width: 767px) 82vw, 740px\" \/><\/figure>\r\n\r\n\r\n\r\n<h4 class=\"wp-block-heading\">Beneficios de la sonrisa para la salud\u00a0<\/h4>\r\n\r\n\r\n\r\n<p>Frecuentemente escuchamos que sonre\u00edr es beneficioso para nuestra salud, no solo mental, si no tambi\u00e9n f\u00edsica, ya que muchos estudios han reportado mejoras en el sistema inmunitario provocadas por una actitud mental feliz y saludable.<\/p>\r\n\r\n\r\n\r\n<p>La sonrisa no es solo la respuesta a el sentimiento de felicidad, si no que puede ser rec\u00edproca, de manera que el acto de sonre\u00edr tambi\u00e9n puede provocar un aumento de la felicidad.<\/p>\r\n<p>&nbsp;<\/p>\r\n\r\n\r\n\r\n<figure class=\"wp-block-image\"><img decoding=\"async\" src=\"https:\/\/clinicaayf.com\/enfamilia\/wp-content\/uploads\/2018\/10\/sonrisa2-1024x683.jpg\" alt=\"sonrisa\" class=\"alignnone wp-image-276 size-large\" width=\"750\" height=\"500\" srcset=\"https:\/\/clinicaayf.com\/enfamilia\/wp-content\/uploads\/2018\/10\/sonrisa2-1024x683.jpg 1024w, https:\/\/clinicaayf.com\/enfamilia\/wp-content\/uploads\/2018\/10\/sonrisa2-300x200.jpg 300w, https:\/\/clinicaayf.com\/enfamilia\/wp-content\/uploads\/2018\/10\/sonrisa2-768x513.jpg 768w, https:\/\/clinicaayf.com\/enfamilia\/wp-content\/uploads\/2018\/10\/sonrisa2-360x240.jpg 360w\" sizes=\"(max-width: 706px) 89vw, (max-width: 767px) 82vw, 740px\" \/><\/figure>\r\n\r\n\r\n\r\n<h4 class=\"wp-block-heading\">La sonrisa como elemento comunicativo<\/h4>\r\n\r\n\r\n\r\n<p>Pero no solo es saludable para uno mismo, si no que es un elemento de comunicaci\u00f3n entre las personas, y de los pocos que son inconfundibles internacionalmente.<\/p>\r\n\r\n\r\n\r\n<p>Cuando sonre\u00edmos,\u00a0 estamos transmitiendo un mensaje de entendimiento con la persona que hablamos. Tambi\u00e9n puede significar apoyo o soporte, cuando sonre\u00edmos a una persona en un momento dif\u00edcil. En este caso, el mensaje que transmitimos es &#8220;no est\u00e1s solo, estoy aqu\u00ed contigo&#8221;.<\/p>\r\n\r\n\r\n\r\n<h4 class=\"wp-block-heading\">Sonr\u00ede\u00a0 incluso a quien no conoces<\/h4>\r\n\r\n\r\n\r\n<p>Cuando nos cruzamos a alguien en la calle que sonr\u00ede podemos sentir el efecto contagio que ocurre en nuestro cuerpo y que en muchos casos causa que le devolvamos la sonrisa. A su vez, en ese momento nos cruzaremos con otras personas que sentir\u00e1n lo mismo, transmitiendo el efecto en cadena.<\/p>\r\n\r\n\r\n\r\n<p>El mensaje que comunicamos con una sonrisa moment\u00e1nea y sincera es &#8220;no est\u00e1s solo, te reconozco, s\u00e9 que est\u00e1s ah\u00ed&#8221;. En ambientes ajetreados de ciudad, esto adquiere mayor relevancia, ya que en muchos sentidos, la vida urbana puede llegar a transmitirnos un sentimiento de indeterminaci\u00f3n,\u00a0 e incluso de soledad. Estos peque\u00f1os detalles pueden ayudar a mucha gente a sentirse mejor.<\/p>\r\n<p>&nbsp;<\/p>\r\n\r\n\r\n\r\n<figure class=\"wp-block-image\"><img decoding=\"async\" src=\"https:\/\/clinicaayf.com\/enfamilia\/wp-content\/uploads\/2018\/10\/sonrisa-3-986x1024.jpg\" alt=\"\" class=\"alignnone wp-image-278 size-large\" width=\"750\" height=\"779\" srcset=\"https:\/\/clinicaayf.com\/enfamilia\/wp-content\/uploads\/2018\/10\/sonrisa-3-986x1024.jpg 986w, https:\/\/clinicaayf.com\/enfamilia\/wp-content\/uploads\/2018\/10\/sonrisa-3-289x300.jpg 289w, https:\/\/clinicaayf.com\/enfamilia\/wp-content\/uploads\/2018\/10\/sonrisa-3-768x798.jpg 768w\" sizes=\"(max-width: 706px) 89vw, (max-width: 767px) 82vw, 740px\" \/><\/figure>\r\n\r\n\r\n\r\n<h4 class=\"wp-block-heading\">La sonrisa como imagen personal<\/h4>\r\n\r\n\r\n\r\n<p>Una sonrisa sincera y natural nos hace sentirnos m\u00e1s seguros. Debemos practicar la sonrisa, pero no forzarla al estilo de sonrisa &#8220;selfie&#8221; para sacarse fotos, si no practicar de manera que la sonrisa salga de forma natural y con confianza en uno mismo. Esto nos ayudar\u00e1 a lograr m\u00e1s f\u00e1cilmente los objetivos en nuestra vida, ya sean profesionales, sociales o familiares, transmitiendo seguridad y optimismo a quienes nos rodean.<\/p>\r\n<p>&nbsp;<\/p>\r\n\r\n\r\n\r\n<figure class=\"wp-block-image\"><img loading=\"lazy\" decoding=\"async\" src=\"https:\/\/clinicaayf.com\/enfamilia\/wp-content\/uploads\/2018\/10\/sonrisa-4-1024x700.jpg\" alt=\"sonrisa 4\" class=\"alignnone wp-image-280 size-large\" width=\"750\" height=\"513\" srcset=\"https:\/\/clinicaayf.com\/enfamilia\/wp-content\/uploads\/2018\/10\/sonrisa-4-1024x700.jpg 1024w, https:\/\/clinicaayf.com\/enfamilia\/wp-content\/uploads\/2018\/10\/sonrisa-4-300x205.jpg 300w, https:\/\/clinicaayf.com\/enfamilia\/wp-content\/uploads\/2018\/10\/sonrisa-4-768x525.jpg 768w, https:\/\/clinicaayf.com\/enfamilia\/wp-content\/uploads\/2018\/10\/sonrisa-4.jpg 1339w\" sizes=\"(max-width: 706px) 89vw, (max-width: 767px) 82vw, 740px\" \/><\/figure>\r\n\r\n\r\n\r\n<h4 class=\"wp-block-heading\">Sonr\u00ede sin complejos<\/h4>\r\n\r\n\r\n\r\n<p>Debemos aprender de los ni\u00f1os, que sonr\u00eden de manera natural, sin importarles los posibles defectos que puedan tener en la misma seg\u00fan el est\u00e1ndar de imagen ideal. Sin embargo, en aquellos casos en los que nos de miedo sonre\u00edr, por complejos o peque\u00f1os defectos que podamos tener en la misma,\u00a0 podemos buscar soluciones que nos ayuden en este sentido. Si la p\u00e9rdida de piezas dentales, o crecimiento de dientes con cierto desv\u00edo,\u00a0 nos provoca cualquier sentimiento de frustraci\u00f3n o inseguridad, debemos consultar a un odont\u00f3logo para que nos asesore y ayude.\u00a0 En ocasiones, los tratamientos pueden ser m\u00e1s asequibles de lo que nos esperamos, ya que cada caso particular no puede compararse exactamente con otros, y lo que obtendremos, en resumen,\u00a0 es lograr volver a sonre\u00edr, con confianza, como cuando \u00e9ramos ni\u00f1os, y eso, realmente no tiene precio \ud83d\ude42<\/p>\r\n\r\n\r\n\r\n<div class=\"wp-block-image\">\r\n<figure class=\"alignleft\"><a href=\"https:\/\/clinicaayf.com\/enfamilia\/wp-content\/uploads\/2018\/03\/Mayte_Abeledo.png\"><img decoding=\"async\" src=\"https:\/\/clinicaayf.com\/enfamilia\/wp-content\/uploads\/2018\/03\/Mayte_Abeledo-298x300.png\" alt=\"Mayte Abeledo Becerra\" \/><\/a><\/figure>\r\n<\/div>\r\n\r\n\r\n\r\n<p><strong>Dra. Mayte Abeledo Becerra\u00a0<\/strong><\/p>\r\n\r\n\r\n\r\n<p><strong>Odont\u00f3loga Especialista en Cirug\u00eda Oral y Ortodoncia<\/strong><\/p>\r\n\r\n\r\n\r\n<p>Cl\u00ednica Odontol\u00f3gica Abeledo y Filpo Calle San Roque, 38-40, Lugo <a href=\"http:\/\/www.clinicaayf.com\/\">www.clinicaayf.com<\/a> Tel\u00e9fono: 982 816 930<\/p>\r\n","protected":false},"excerpt":{"rendered":"<p>Beneficios de la sonrisa para la salud\u00a0 Frecuentemente escuchamos que sonre\u00edr es beneficioso para nuestra salud, no solo mental, si no tambi\u00e9n f\u00edsica, ya que muchos estudios han reportado mejoras en el sistema inmunitario provocadas por una actitud mental feliz y saludable. La sonrisa no es solo la respuesta a el sentimiento de felicidad, si &hellip; <\/p>\n<p class=\"link-more\"><a href=\"https:\/\/clinicaayf.com\/enfamilia\/2018\/10\/el-poder-de-tu-sonrisa.html\" class=\"more-link\">Continuar leyendo<span class=\"screen-reader-text\"> &#8220;El poder de tu sonrisa&#8221;<\/span><\/a><\/p>\n","protected":false},"author":1,"featured_media":275,"comment_status":"closed","ping_status":"open","sticky":false,"template":"","format":"standard","meta":{"footnotes":""},"categories":[4],"tags":[],"class_list":["post-273","post","type-post","status-publish","format-standard","has-post-thumbnail","hentry","category-consejos-salud-bucal"],"yoast_head":"<!-- This site is optimized with the Yoast SEO plugin v26.2 - https:\/\/yoast.com\/wordpress\/plugins\/seo\/ -->\n<title>El poder de tu sonrisa - Abeledo y Filpo en familia<\/title>\n<meta name=\"description\" content=\"Sonre\u00edr es beneficioso para nuestra salud y contribuye a la cohesi\u00f3n entre los miembros de la comunidad.\" \/>\n<meta name=\"robots\" content=\"index, follow, max-snippet:-1, max-image-preview:large, max-video-preview:-1\" \/>\n<link rel=\"canonical\" href=\"https:\/\/clinicaayf.com\/enfamilia\/2018\/10\/el-poder-de-tu-sonrisa.html\" \/>\n<meta property=\"og:locale\" content=\"es_ES\" \/>\n<meta property=\"og:type\" content=\"article\" \/>\n<meta property=\"og:title\" content=\"El poder de tu sonrisa - Abeledo y Filpo en familia\" \/>\n<meta property=\"og:description\" content=\"Sonre\u00edr es beneficioso para nuestra salud y contribuye a la cohesi\u00f3n entre los miembros de la comunidad.\" \/>\n<meta property=\"og:url\" content=\"https:\/\/clinicaayf.com\/enfamilia\/2018\/10\/el-poder-de-tu-sonrisa.html\" \/>\n<meta property=\"og:site_name\" content=\"Abeledo y Filpo en familia\" \/>\n<meta property=\"article:publisher\" content=\"https:\/\/www.facebook.com\/clinica.dental.abeledoyfilpo\/\" \/>\n<meta property=\"article:published_time\" content=\"2018-10-03T13:47:52+00:00\" \/>\n<meta property=\"article:modified_time\" content=\"2023-06-15T11:24:58+00:00\" \/>\n<meta property=\"og:image\" content=\"https:\/\/clinicaayf.com\/enfamilia\/wp-content\/uploads\/2018\/10\/sonrisas.jpg\" \/>\n\t<meta property=\"og:image:width\" content=\"1200\" \/>\n\t<meta property=\"og:image:height\" content=\"840\" \/>\n\t<meta property=\"og:image:type\" content=\"image\/jpeg\" \/>\n<meta name=\"author\" content=\"Patrulla Dental\" \/>\n<meta name=\"twitter:card\" content=\"summary_large_image\" \/>\n<meta name=\"twitter:label1\" content=\"Escrito por\" \/>\n\t<meta name=\"twitter:data1\" content=\"Patrulla Dental\" \/>\n\t<meta name=\"twitter:label2\" content=\"Tiempo de lectura\" \/>\n\t<meta name=\"twitter:data2\" content=\"4 minutos\" \/>\n<script type=\"application\/ld+json\" class=\"yoast-schema-graph\">{\"@context\":\"https:\/\/schema.org\",\"@graph\":[{\"@type\":\"Article\",\"@id\":\"https:\/\/clinicaayf.com\/enfamilia\/2018\/10\/el-poder-de-tu-sonrisa.html#article\",\"isPartOf\":{\"@id\":\"https:\/\/clinicaayf.com\/enfamilia\/2018\/10\/el-poder-de-tu-sonrisa.html\"},\"author\":{\"name\":\"Patrulla Dental\",\"@id\":\"https:\/\/clinicaayf.com\/enfamilia\/#\/schema\/person\/67677c9d790510293038ecd843870158\"},\"headline\":\"El poder de tu sonrisa\",\"datePublished\":\"2018-10-03T13:47:52+00:00\",\"dateModified\":\"2023-06-15T11:24:58+00:00\",\"mainEntityOfPage\":{\"@id\":\"https:\/\/clinicaayf.com\/enfamilia\/2018\/10\/el-poder-de-tu-sonrisa.html\"},\"wordCount\":556,\"publisher\":{\"@id\":\"https:\/\/clinicaayf.com\/enfamilia\/#organization\"},\"image\":{\"@id\":\"https:\/\/clinicaayf.com\/enfamilia\/2018\/10\/el-poder-de-tu-sonrisa.html#primaryimage\"},\"thumbnailUrl\":\"https:\/\/clinicaayf.com\/enfamilia\/wp-content\/uploads\/2018\/10\/sonrisas.jpg\",\"articleSection\":[\"consejos salud bucal\"],\"inLanguage\":\"es\"},{\"@type\":\"WebPage\",\"@id\":\"https:\/\/clinicaayf.com\/enfamilia\/2018\/10\/el-poder-de-tu-sonrisa.html\",\"url\":\"https:\/\/clinicaayf.com\/enfamilia\/2018\/10\/el-poder-de-tu-sonrisa.html\",\"name\":\"El poder de tu sonrisa - Abeledo y Filpo en familia\",\"isPartOf\":{\"@id\":\"https:\/\/clinicaayf.com\/enfamilia\/#website\"},\"primaryImageOfPage\":{\"@id\":\"https:\/\/clinicaayf.com\/enfamilia\/2018\/10\/el-poder-de-tu-sonrisa.html#primaryimage\"},\"image\":{\"@id\":\"https:\/\/clinicaayf.com\/enfamilia\/2018\/10\/el-poder-de-tu-sonrisa.html#primaryimage\"},\"thumbnailUrl\":\"https:\/\/clinicaayf.com\/enfamilia\/wp-content\/uploads\/2018\/10\/sonrisas.jpg\",\"datePublished\":\"2018-10-03T13:47:52+00:00\",\"dateModified\":\"2023-06-15T11:24:58+00:00\",\"description\":\"Sonre\u00edr es beneficioso para nuestra salud y contribuye a la cohesi\u00f3n entre los miembros de la comunidad.\",\"breadcrumb\":{\"@id\":\"https:\/\/clinicaayf.com\/enfamilia\/2018\/10\/el-poder-de-tu-sonrisa.html#breadcrumb\"},\"inLanguage\":\"es\",\"potentialAction\":[{\"@type\":\"ReadAction\",\"target\":[\"https:\/\/clinicaayf.com\/enfamilia\/2018\/10\/el-poder-de-tu-sonrisa.html\"]}]},{\"@type\":\"ImageObject\",\"inLanguage\":\"es\",\"@id\":\"https:\/\/clinicaayf.com\/enfamilia\/2018\/10\/el-poder-de-tu-sonrisa.html#primaryimage\",\"url\":\"https:\/\/clinicaayf.com\/enfamilia\/wp-content\/uploads\/2018\/10\/sonrisas.jpg\",\"contentUrl\":\"https:\/\/clinicaayf.com\/enfamilia\/wp-content\/uploads\/2018\/10\/sonrisas.jpg\",\"width\":1200,\"height\":840,\"caption\":\"sonrie abeledo y filpo\"},{\"@type\":\"BreadcrumbList\",\"@id\":\"https:\/\/clinicaayf.com\/enfamilia\/2018\/10\/el-poder-de-tu-sonrisa.html#breadcrumb\",\"itemListElement\":[{\"@type\":\"ListItem\",\"position\":1,\"name\":\"Portada\",\"item\":\"https:\/\/clinicaayf.com\/enfamilia\/\"},{\"@type\":\"ListItem\",\"position\":2,\"name\":\"El poder de tu sonrisa\"}]},{\"@type\":\"WebSite\",\"@id\":\"https:\/\/clinicaayf.com\/enfamilia\/#website\",\"url\":\"https:\/\/clinicaayf.com\/enfamilia\/\",\"name\":\"Abeledo y Filpo Cl\u00ednica Dental\",\"description\":\"Consejos e informaci\u00f3n dental. Suscr\u00edbete para mantener tu salud dental al d\u00eda.\",\"publisher\":{\"@id\":\"https:\/\/clinicaayf.com\/enfamilia\/#organization\"},\"potentialAction\":[{\"@type\":\"SearchAction\",\"target\":{\"@type\":\"EntryPoint\",\"urlTemplate\":\"https:\/\/clinicaayf.com\/enfamilia\/?s={search_term_string}\"},\"query-input\":{\"@type\":\"PropertyValueSpecification\",\"valueRequired\":true,\"valueName\":\"search_term_string\"}}],\"inLanguage\":\"es\"},{\"@type\":\"Organization\",\"@id\":\"https:\/\/clinicaayf.com\/enfamilia\/#organization\",\"name\":\"Cl\u00ednica Odontol\u00f3gica Abeledo y FIlpo\",\"url\":\"https:\/\/clinicaayf.com\/enfamilia\/\",\"logo\":{\"@type\":\"ImageObject\",\"inLanguage\":\"es\",\"@id\":\"https:\/\/clinicaayf.com\/enfamilia\/#\/schema\/logo\/image\/\",\"url\":\"http:\/\/clinicaayf.com\/enfamilia\/wp-content\/uploads\/2018\/03\/19105598_142201426343254_64350248848668328_n.png\",\"contentUrl\":\"http:\/\/clinicaayf.com\/enfamilia\/wp-content\/uploads\/2018\/03\/19105598_142201426343254_64350248848668328_n.png\",\"width\":339,\"height\":339,\"caption\":\"Cl\u00ednica Odontol\u00f3gica Abeledo y FIlpo\"},\"image\":{\"@id\":\"https:\/\/clinicaayf.com\/enfamilia\/#\/schema\/logo\/image\/\"},\"sameAs\":[\"https:\/\/www.facebook.com\/clinica.dental.abeledoyfilpo\/\"]},{\"@type\":\"Person\",\"@id\":\"https:\/\/clinicaayf.com\/enfamilia\/#\/schema\/person\/67677c9d790510293038ecd843870158\",\"name\":\"Patrulla Dental\",\"image\":{\"@type\":\"ImageObject\",\"inLanguage\":\"es\",\"@id\":\"https:\/\/clinicaayf.com\/enfamilia\/#\/schema\/person\/image\/\",\"url\":\"https:\/\/secure.gravatar.com\/avatar\/e90f04f201af36346be5ac9d403125e07bf245968fd4c99a31bccfa04d1191ae?s=96&d=mm&r=g\",\"contentUrl\":\"https:\/\/secure.gravatar.com\/avatar\/e90f04f201af36346be5ac9d403125e07bf245968fd4c99a31bccfa04d1191ae?s=96&d=mm&r=g\",\"caption\":\"Patrulla Dental\"}}]}<\/script>\n<!-- \/ Yoast SEO plugin. -->","yoast_head_json":{"title":"El poder de tu sonrisa - Abeledo y Filpo en familia","description":"Sonre\u00edr es beneficioso para nuestra salud y contribuye a la cohesi\u00f3n entre los miembros de la comunidad.","robots":{"index":"index","follow":"follow","max-snippet":"max-snippet:-1","max-image-preview":"max-image-preview:large","max-video-preview":"max-video-preview:-1"},"canonical":"https:\/\/clinicaayf.com\/enfamilia\/2018\/10\/el-poder-de-tu-sonrisa.html","og_locale":"es_ES","og_type":"article","og_title":"El poder de tu sonrisa - Abeledo y Filpo en familia","og_description":"Sonre\u00edr es beneficioso para nuestra salud y contribuye a la cohesi\u00f3n entre los miembros de la comunidad.","og_url":"https:\/\/clinicaayf.com\/enfamilia\/2018\/10\/el-poder-de-tu-sonrisa.html","og_site_name":"Abeledo y Filpo en familia","article_publisher":"https:\/\/www.facebook.com\/clinica.dental.abeledoyfilpo\/","article_published_time":"2018-10-03T13:47:52+00:00","article_modified_time":"2023-06-15T11:24:58+00:00","og_image":[{"width":1200,"height":840,"url":"https:\/\/clinicaayf.com\/enfamilia\/wp-content\/uploads\/2018\/10\/sonrisas.jpg","type":"image\/jpeg"}],"author":"Patrulla Dental","twitter_card":"summary_large_image","twitter_misc":{"Escrito por":"Patrulla Dental","Tiempo de lectura":"4 minutos"},"schema":{"@context":"https:\/\/schema.org","@graph":[{"@type":"Article","@id":"https:\/\/clinicaayf.com\/enfamilia\/2018\/10\/el-poder-de-tu-sonrisa.html#article","isPartOf":{"@id":"https:\/\/clinicaayf.com\/enfamilia\/2018\/10\/el-poder-de-tu-sonrisa.html"},"author":{"name":"Patrulla Dental","@id":"https:\/\/clinicaayf.com\/enfamilia\/#\/schema\/person\/67677c9d790510293038ecd843870158"},"headline":"El poder de tu sonrisa","datePublished":"2018-10-03T13:47:52+00:00","dateModified":"2023-06-15T11:24:58+00:00","mainEntityOfPage":{"@id":"https:\/\/clinicaayf.com\/enfamilia\/2018\/10\/el-poder-de-tu-sonrisa.html"},"wordCount":556,"publisher":{"@id":"https:\/\/clinicaayf.com\/enfamilia\/#organization"},"image":{"@id":"https:\/\/clinicaayf.com\/enfamilia\/2018\/10\/el-poder-de-tu-sonrisa.html#primaryimage"},"thumbnailUrl":"https:\/\/clinicaayf.com\/enfamilia\/wp-content\/uploads\/2018\/10\/sonrisas.jpg","articleSection":["consejos salud bucal"],"inLanguage":"es"},{"@type":"WebPage","@id":"https:\/\/clinicaayf.com\/enfamilia\/2018\/10\/el-poder-de-tu-sonrisa.html","url":"https:\/\/clinicaayf.com\/enfamilia\/2018\/10\/el-poder-de-tu-sonrisa.html","name":"El poder de tu sonrisa - Abeledo y Filpo en familia","isPartOf":{"@id":"https:\/\/clinicaayf.com\/enfamilia\/#website"},"primaryImageOfPage":{"@id":"https:\/\/clinicaayf.com\/enfamilia\/2018\/10\/el-poder-de-tu-sonrisa.html#primaryimage"},"image":{"@id":"https:\/\/clinicaayf.com\/enfamilia\/2018\/10\/el-poder-de-tu-sonrisa.html#primaryimage"},"thumbnailUrl":"https:\/\/clinicaayf.com\/enfamilia\/wp-content\/uploads\/2018\/10\/sonrisas.jpg","datePublished":"2018-10-03T13:47:52+00:00","dateModified":"2023-06-15T11:24:58+00:00","description":"Sonre\u00edr es beneficioso para nuestra salud y contribuye a la cohesi\u00f3n entre los miembros de la comunidad.","breadcrumb":{"@id":"https:\/\/clinicaayf.com\/enfamilia\/2018\/10\/el-poder-de-tu-sonrisa.html#breadcrumb"},"inLanguage":"es","potentialAction":[{"@type":"ReadAction","target":["https:\/\/clinicaayf.com\/enfamilia\/2018\/10\/el-poder-de-tu-sonrisa.html"]}]},{"@type":"ImageObject","inLanguage":"es","@id":"https:\/\/clinicaayf.com\/enfamilia\/2018\/10\/el-poder-de-tu-sonrisa.html#primaryimage","url":"https:\/\/clinicaayf.com\/enfamilia\/wp-content\/uploads\/2018\/10\/sonrisas.jpg","contentUrl":"https:\/\/clinicaayf.com\/enfamilia\/wp-content\/uploads\/2018\/10\/sonrisas.jpg","width":1200,"height":840,"caption":"sonrie abeledo y filpo"},{"@type":"BreadcrumbList","@id":"https:\/\/clinicaayf.com\/enfamilia\/2018\/10\/el-poder-de-tu-sonrisa.html#breadcrumb","itemListElement":[{"@type":"ListItem","position":1,"name":"Portada","item":"https:\/\/clinicaayf.com\/enfamilia\/"},{"@type":"ListItem","position":2,"name":"El poder de tu sonrisa"}]},{"@type":"WebSite","@id":"https:\/\/clinicaayf.com\/enfamilia\/#website","url":"https:\/\/clinicaayf.com\/enfamilia\/","name":"Abeledo y Filpo Cl\u00ednica Dental","description":"Consejos e informaci\u00f3n dental. Suscr\u00edbete para mantener tu salud dental al d\u00eda.","publisher":{"@id":"https:\/\/clinicaayf.com\/enfamilia\/#organization"},"potentialAction":[{"@type":"SearchAction","target":{"@type":"EntryPoint","urlTemplate":"https:\/\/clinicaayf.com\/enfamilia\/?s={search_term_string}"},"query-input":{"@type":"PropertyValueSpecification","valueRequired":true,"valueName":"search_term_string"}}],"inLanguage":"es"},{"@type":"Organization","@id":"https:\/\/clinicaayf.com\/enfamilia\/#organization","name":"Cl\u00ednica Odontol\u00f3gica Abeledo y FIlpo","url":"https:\/\/clinicaayf.com\/enfamilia\/","logo":{"@type":"ImageObject","inLanguage":"es","@id":"https:\/\/clinicaayf.com\/enfamilia\/#\/schema\/logo\/image\/","url":"http:\/\/clinicaayf.com\/enfamilia\/wp-content\/uploads\/2018\/03\/19105598_142201426343254_64350248848668328_n.png","contentUrl":"http:\/\/clinicaayf.com\/enfamilia\/wp-content\/uploads\/2018\/03\/19105598_142201426343254_64350248848668328_n.png","width":339,"height":339,"caption":"Cl\u00ednica Odontol\u00f3gica Abeledo y FIlpo"},"image":{"@id":"https:\/\/clinicaayf.com\/enfamilia\/#\/schema\/logo\/image\/"},"sameAs":["https:\/\/www.facebook.com\/clinica.dental.abeledoyfilpo\/"]},{"@type":"Person","@id":"https:\/\/clinicaayf.com\/enfamilia\/#\/schema\/person\/67677c9d790510293038ecd843870158","name":"Patrulla Dental","image":{"@type":"ImageObject","inLanguage":"es","@id":"https:\/\/clinicaayf.com\/enfamilia\/#\/schema\/person\/image\/","url":"https:\/\/secure.gravatar.com\/avatar\/e90f04f201af36346be5ac9d403125e07bf245968fd4c99a31bccfa04d1191ae?s=96&d=mm&r=g","contentUrl":"https:\/\/secure.gravatar.com\/avatar\/e90f04f201af36346be5ac9d403125e07bf245968fd4c99a31bccfa04d1191ae?s=96&d=mm&r=g","caption":"Patrulla Dental"}}]}},"post_mailing_queue_ids":[],"_links":{"self":[{"href":"https:\/\/clinicaayf.com\/enfamilia\/wp-json\/wp\/v2\/posts\/273","targetHints":{"allow":["GET"]}}],"collection":[{"href":"https:\/\/clinicaayf.com\/enfamilia\/wp-json\/wp\/v2\/posts"}],"about":[{"href":"https:\/\/clinicaayf.com\/enfamilia\/wp-json\/wp\/v2\/types\/post"}],"author":[{"embeddable":true,"href":"https:\/\/clinicaayf.com\/enfamilia\/wp-json\/wp\/v2\/users\/1"}],"replies":[{"embeddable":true,"href":"https:\/\/clinicaayf.com\/enfamilia\/wp-json\/wp\/v2\/comments?post=273"}],"version-history":[{"count":9,"href":"https:\/\/clinicaayf.com\/enfamilia\/wp-json\/wp\/v2\/posts\/273\/revisions"}],"predecessor-version":[{"id":540,"href":"https:\/\/clinicaayf.com\/enfamilia\/wp-json\/wp\/v2\/posts\/273\/revisions\/540"}],"wp:featuredmedia":[{"embeddable":true,"href":"https:\/\/clinicaayf.com\/enfamilia\/wp-json\/wp\/v2\/media\/275"}],"wp:attachment":[{"href":"https:\/\/clinicaayf.com\/enfamilia\/wp-json\/wp\/v2\/media?parent=273"}],"wp:term":[{"taxonomy":"category","embeddable":true,"href":"https:\/\/clinicaayf.com\/enfamilia\/wp-json\/wp\/v2\/categories?post=273"},{"taxonomy":"post_tag","embeddable":true,"href":"https:\/\/clinicaayf.com\/enfamilia\/wp-json\/wp\/v2\/tags?post=273"}],"curies":[{"name":"wp","href":"https:\/\/api.w.org\/{rel}","templated":true}]}}