{"id":287,"date":"2018-11-13T13:29:30","date_gmt":"2018-11-13T13:29:30","guid":{"rendered":"http:\/\/clinicaayf.com\/enfamilia\/?p=287"},"modified":"2023-06-15T11:24:58","modified_gmt":"2023-06-15T11:24:58","slug":"hilo-dental","status":"publish","type":"post","link":"https:\/\/clinicaayf.com\/enfamilia\/2018\/11\/hilo-dental.html","title":{"rendered":"Hilo dental"},"content":{"rendered":"\r\n<h2 class=\"wp-block-heading\">Breves consejos para el uso del hilo, cepillo interdental y raspado de lengua<\/h2>\r\n\r\n\r\n\r\n<figure class=\"wp-block-image\"><img fetchpriority=\"high\" decoding=\"async\" width=\"900\" height=\"537\" src=\"https:\/\/clinicaayf.com\/enfamilia\/wp-content\/uploads\/2018\/11\/hilo-dental.jpg\" alt=\"\" class=\"wp-image-289\" srcset=\"https:\/\/clinicaayf.com\/enfamilia\/wp-content\/uploads\/2018\/11\/hilo-dental.jpg 900w, https:\/\/clinicaayf.com\/enfamilia\/wp-content\/uploads\/2018\/11\/hilo-dental-300x179.jpg 300w, https:\/\/clinicaayf.com\/enfamilia\/wp-content\/uploads\/2018\/11\/hilo-dental-768x458.jpg 768w\" sizes=\"(max-width: 767px) 89vw, (max-width: 1000px) 54vw, (max-width: 1071px) 543px, 580px\" \/><\/figure>\r\n\r\n<p><!--EndFragment--><\/p>\r\n<p>En esta ocasi\u00f3n queremos compartir con vosotros este v\u00eddeo del Consejo de Dentistas de Espa\u00f1a en el que se muestra de <strong>manera sencilla el correcto uso del hilo dental, el cepillado interdental y el raspado de lengua.<\/strong><\/p>\r\n<p>Visualiz\u00e1ndolo ser\u00e1 la manera m\u00e1s f\u00e1cil de entenderlo. No obstante, al final del post te dejamos unos consejos adicionales.<strong><\/strong><\/p>\r\n<p><iframe title=\"Uso correcto de la seda dental\" width=\"525\" height=\"394\" src=\"https:\/\/www.youtube.com\/embed\/jK5imyP1VQ4?feature=oembed\" frameborder=\"0\" allow=\"accelerometer; autoplay; clipboard-write; encrypted-media; gyroscope; picture-in-picture; web-share\" referrerpolicy=\"strict-origin-when-cross-origin\" allowfullscreen><\/iframe><\/p>\r\n\r\n\r\n\r\n<div class=\"wp-block-image\">\r\n<figure class=\"alignright\"><img decoding=\"async\" width=\"238\" height=\"211\" src=\"https:\/\/clinicaayf.com\/enfamilia\/wp-content\/uploads\/2018\/11\/Cepillos_interdentales.jpg\" alt=\"cepillo interdental\" class=\"wp-image-290\" \/><\/figure>\r\n<\/div>\r\n\r\n\r\n\r\n<ol class=\"wp-block-list\">\r\n<li>Usa el <strong>hilo dental d<\/strong>e la marca y formato que mejor se adapte y te resulte <strong>c\u00f3modo al utilizarlo<\/strong>. Procura que no sea demasiado delgado ni demasiado grueso para no forzar su paso en los espacios interdentales, ni que resulte demasiado peque\u00f1o para realizar una limpieza correcta. La misma recomendaci\u00f3n sirve para el <strong>cepillo interdental.<\/strong><\/li>\r\n<\/ol>\r\n\r\n\r\n\r\n<p>2. Si no tienes, o no encuentras<strong> raspador de lengua<\/strong>, muchos cepillos tienen un peque\u00f1o raspador incluido en la parte posterior de las cerdas, que consiste en una serie de bultitos que ayudan al raspado. En su defecto, podemos utilizar tambi\u00e9n el propio cepillo, haciendo pasadas suaves de dentro hacia afuera.\u00a0<\/p>\r\n\r\n\r\n\r\n<p>3. Si durante el proceso sufres molestias, dolores, o sangrados de enc\u00eda, es el momento de visitar a tu dentista para realziar una revisi\u00f3n, ya que es posible que pueda haber alg\u00fan problema oculto, que detectado a tiempo se puede corregir con un sencillo tratamiento.<\/p>\r\n\r\n\r\n\r\n\r\n\r\n<p>4. Por \u00faltimo, no olvides suscribirte a nuestro blog si no lo has hecho ya!. te seguiremos mostrando consejos y noticias para el cuidado de tu boca.<\/p>\r\n\r\n<p><!-- \/wp:post-content --><\/p>\r\n<p><!-- wp:image {\"align\":\"left\",\"linkDestination\":\"custom\"} --><\/p>\r\n<div class=\"wp-block-image\">\r\n<figure class=\"alignleft\"><a href=\"https:\/\/clinicaayf.com\/enfamilia\/wp-content\/uploads\/2018\/03\/Mayte_Abeledo.png\"><img decoding=\"async\" src=\"https:\/\/clinicaayf.com\/enfamilia\/wp-content\/uploads\/2018\/03\/Mayte_Abeledo-298x300.png\" alt=\"Mayte Abeledo Becerra\" \/><\/a><\/figure>\r\n<\/div>\r\n<p><!-- \/wp:image --><\/p>\r\n<p><!-- wp:paragraph --><\/p>\r\n<p><strong>Dra. Mayte Abeledo Becerra\u00a0<\/strong><\/p>\r\n<p><!-- \/wp:paragraph --><\/p>\r\n<p><!-- wp:paragraph --><\/p>\r\n<p><strong>Odont\u00f3loga Especialista en Cirug\u00eda Oral y Ortodoncia<\/strong><\/p>\r\n<p><!-- \/wp:paragraph --><\/p>\r\n<p><!-- wp:paragraph --><\/p>\r\n<p>Cl\u00ednica Odontol\u00f3gica Abeledo y Filpo<\/p>\r\n<p>Calle San Roque, 38-40, Lugo<\/p>\r\n<p><a href=\"http:\/\/www.clinicaayf.com\/\">www.clinicaayf.com<\/a><\/p>\r\n<p>Tel\u00e9fono: 982 816 930<\/p>\r\n<p>&nbsp;<\/p>\r\n<p><!-- \/wp:paragraph --><\/p>","protected":false},"excerpt":{"rendered":"<p>Breves consejos para el uso del hilo, cepillo interdental y raspado de lengua En esta ocasi\u00f3n queremos compartir con vosotros este v\u00eddeo del Consejo de Dentistas de Espa\u00f1a en el que se muestra de manera sencilla el correcto uso del hilo dental, el cepillado interdental y el raspado de lengua. Visualiz\u00e1ndolo ser\u00e1 la manera m\u00e1s &hellip; <\/p>\n<p class=\"link-more\"><a href=\"https:\/\/clinicaayf.com\/enfamilia\/2018\/11\/hilo-dental.html\" class=\"more-link\">Continuar leyendo<span class=\"screen-reader-text\"> &#8220;Hilo dental&#8221;<\/span><\/a><\/p>\n","protected":false},"author":1,"featured_media":289,"comment_status":"closed","ping_status":"open","sticky":false,"template":"","format":"standard","meta":{"footnotes":""},"categories":[4],"tags":[],"class_list":["post-287","post","type-post","status-publish","format-standard","has-post-thumbnail","hentry","category-consejos-salud-bucal"],"yoast_head":"<!-- This site is optimized with the Yoast SEO plugin v26.2 - https:\/\/yoast.com\/wordpress\/plugins\/seo\/ -->\n<title>Hilo dental - Abeledo y Filpo en familia<\/title>\n<meta name=\"description\" content=\"Breves consejos para el uso del hilo, cepillo interdental y raspado de lengua\" \/>\n<meta name=\"robots\" content=\"index, follow, max-snippet:-1, max-image-preview:large, max-video-preview:-1\" \/>\n<link rel=\"canonical\" href=\"https:\/\/clinicaayf.com\/enfamilia\/2018\/11\/hilo-dental.html\" \/>\n<meta property=\"og:locale\" content=\"es_ES\" \/>\n<meta property=\"og:type\" content=\"article\" \/>\n<meta property=\"og:title\" content=\"Hilo dental - Abeledo y Filpo en familia\" \/>\n<meta property=\"og:description\" content=\"Breves consejos para el uso del hilo, cepillo interdental y raspado de lengua\" \/>\n<meta property=\"og:url\" content=\"https:\/\/clinicaayf.com\/enfamilia\/2018\/11\/hilo-dental.html\" \/>\n<meta property=\"og:site_name\" content=\"Abeledo y Filpo en familia\" \/>\n<meta property=\"article:publisher\" content=\"https:\/\/www.facebook.com\/clinica.dental.abeledoyfilpo\/\" \/>\n<meta property=\"article:published_time\" content=\"2018-11-13T13:29:30+00:00\" \/>\n<meta property=\"article:modified_time\" content=\"2023-06-15T11:24:58+00:00\" \/>\n<meta property=\"og:image\" content=\"https:\/\/clinicaayf.com\/enfamilia\/wp-content\/uploads\/2018\/11\/hilo-dental.jpg\" \/>\n\t<meta property=\"og:image:width\" content=\"900\" \/>\n\t<meta property=\"og:image:height\" content=\"537\" \/>\n\t<meta property=\"og:image:type\" content=\"image\/jpeg\" \/>\n<meta name=\"author\" content=\"Patrulla Dental\" \/>\n<meta name=\"twitter:card\" content=\"summary_large_image\" \/>\n<meta name=\"twitter:label1\" content=\"Escrito por\" \/>\n\t<meta name=\"twitter:data1\" content=\"Patrulla Dental\" \/>\n\t<meta name=\"twitter:label2\" content=\"Tiempo de lectura\" \/>\n\t<meta name=\"twitter:data2\" content=\"2 minutos\" \/>\n<script type=\"application\/ld+json\" class=\"yoast-schema-graph\">{\"@context\":\"https:\/\/schema.org\",\"@graph\":[{\"@type\":\"Article\",\"@id\":\"https:\/\/clinicaayf.com\/enfamilia\/2018\/11\/hilo-dental.html#article\",\"isPartOf\":{\"@id\":\"https:\/\/clinicaayf.com\/enfamilia\/2018\/11\/hilo-dental.html\"},\"author\":{\"name\":\"Patrulla Dental\",\"@id\":\"https:\/\/clinicaayf.com\/enfamilia\/#\/schema\/person\/67677c9d790510293038ecd843870158\"},\"headline\":\"Hilo dental\",\"datePublished\":\"2018-11-13T13:29:30+00:00\",\"dateModified\":\"2023-06-15T11:24:58+00:00\",\"mainEntityOfPage\":{\"@id\":\"https:\/\/clinicaayf.com\/enfamilia\/2018\/11\/hilo-dental.html\"},\"wordCount\":303,\"publisher\":{\"@id\":\"https:\/\/clinicaayf.com\/enfamilia\/#organization\"},\"image\":{\"@id\":\"https:\/\/clinicaayf.com\/enfamilia\/2018\/11\/hilo-dental.html#primaryimage\"},\"thumbnailUrl\":\"https:\/\/clinicaayf.com\/enfamilia\/wp-content\/uploads\/2018\/11\/hilo-dental.jpg\",\"articleSection\":[\"consejos salud bucal\"],\"inLanguage\":\"es\"},{\"@type\":\"WebPage\",\"@id\":\"https:\/\/clinicaayf.com\/enfamilia\/2018\/11\/hilo-dental.html\",\"url\":\"https:\/\/clinicaayf.com\/enfamilia\/2018\/11\/hilo-dental.html\",\"name\":\"Hilo dental - Abeledo y Filpo en familia\",\"isPartOf\":{\"@id\":\"https:\/\/clinicaayf.com\/enfamilia\/#website\"},\"primaryImageOfPage\":{\"@id\":\"https:\/\/clinicaayf.com\/enfamilia\/2018\/11\/hilo-dental.html#primaryimage\"},\"image\":{\"@id\":\"https:\/\/clinicaayf.com\/enfamilia\/2018\/11\/hilo-dental.html#primaryimage\"},\"thumbnailUrl\":\"https:\/\/clinicaayf.com\/enfamilia\/wp-content\/uploads\/2018\/11\/hilo-dental.jpg\",\"datePublished\":\"2018-11-13T13:29:30+00:00\",\"dateModified\":\"2023-06-15T11:24:58+00:00\",\"description\":\"Breves consejos para el uso del hilo, cepillo interdental y raspado de lengua\",\"breadcrumb\":{\"@id\":\"https:\/\/clinicaayf.com\/enfamilia\/2018\/11\/hilo-dental.html#breadcrumb\"},\"inLanguage\":\"es\",\"potentialAction\":[{\"@type\":\"ReadAction\",\"target\":[\"https:\/\/clinicaayf.com\/enfamilia\/2018\/11\/hilo-dental.html\"]}]},{\"@type\":\"ImageObject\",\"inLanguage\":\"es\",\"@id\":\"https:\/\/clinicaayf.com\/enfamilia\/2018\/11\/hilo-dental.html#primaryimage\",\"url\":\"https:\/\/clinicaayf.com\/enfamilia\/wp-content\/uploads\/2018\/11\/hilo-dental.jpg\",\"contentUrl\":\"https:\/\/clinicaayf.com\/enfamilia\/wp-content\/uploads\/2018\/11\/hilo-dental.jpg\",\"width\":900,\"height\":537,\"caption\":\"uso hilo dental\"},{\"@type\":\"BreadcrumbList\",\"@id\":\"https:\/\/clinicaayf.com\/enfamilia\/2018\/11\/hilo-dental.html#breadcrumb\",\"itemListElement\":[{\"@type\":\"ListItem\",\"position\":1,\"name\":\"Portada\",\"item\":\"https:\/\/clinicaayf.com\/enfamilia\/\"},{\"@type\":\"ListItem\",\"position\":2,\"name\":\"Hilo dental\"}]},{\"@type\":\"WebSite\",\"@id\":\"https:\/\/clinicaayf.com\/enfamilia\/#website\",\"url\":\"https:\/\/clinicaayf.com\/enfamilia\/\",\"name\":\"Abeledo y Filpo Cl\u00ednica Dental\",\"description\":\"Consejos e informaci\u00f3n dental. Suscr\u00edbete para mantener tu salud dental al d\u00eda.\",\"publisher\":{\"@id\":\"https:\/\/clinicaayf.com\/enfamilia\/#organization\"},\"potentialAction\":[{\"@type\":\"SearchAction\",\"target\":{\"@type\":\"EntryPoint\",\"urlTemplate\":\"https:\/\/clinicaayf.com\/enfamilia\/?s={search_term_string}\"},\"query-input\":{\"@type\":\"PropertyValueSpecification\",\"valueRequired\":true,\"valueName\":\"search_term_string\"}}],\"inLanguage\":\"es\"},{\"@type\":\"Organization\",\"@id\":\"https:\/\/clinicaayf.com\/enfamilia\/#organization\",\"name\":\"Cl\u00ednica Odontol\u00f3gica Abeledo y FIlpo\",\"url\":\"https:\/\/clinicaayf.com\/enfamilia\/\",\"logo\":{\"@type\":\"ImageObject\",\"inLanguage\":\"es\",\"@id\":\"https:\/\/clinicaayf.com\/enfamilia\/#\/schema\/logo\/image\/\",\"url\":\"http:\/\/clinicaayf.com\/enfamilia\/wp-content\/uploads\/2018\/03\/19105598_142201426343254_64350248848668328_n.png\",\"contentUrl\":\"http:\/\/clinicaayf.com\/enfamilia\/wp-content\/uploads\/2018\/03\/19105598_142201426343254_64350248848668328_n.png\",\"width\":339,\"height\":339,\"caption\":\"Cl\u00ednica Odontol\u00f3gica Abeledo y FIlpo\"},\"image\":{\"@id\":\"https:\/\/clinicaayf.com\/enfamilia\/#\/schema\/logo\/image\/\"},\"sameAs\":[\"https:\/\/www.facebook.com\/clinica.dental.abeledoyfilpo\/\"]},{\"@type\":\"Person\",\"@id\":\"https:\/\/clinicaayf.com\/enfamilia\/#\/schema\/person\/67677c9d790510293038ecd843870158\",\"name\":\"Patrulla Dental\",\"image\":{\"@type\":\"ImageObject\",\"inLanguage\":\"es\",\"@id\":\"https:\/\/clinicaayf.com\/enfamilia\/#\/schema\/person\/image\/\",\"url\":\"https:\/\/secure.gravatar.com\/avatar\/e90f04f201af36346be5ac9d403125e07bf245968fd4c99a31bccfa04d1191ae?s=96&d=mm&r=g\",\"contentUrl\":\"https:\/\/secure.gravatar.com\/avatar\/e90f04f201af36346be5ac9d403125e07bf245968fd4c99a31bccfa04d1191ae?s=96&d=mm&r=g\",\"caption\":\"Patrulla Dental\"}}]}<\/script>\n<!-- \/ Yoast SEO plugin. -->","yoast_head_json":{"title":"Hilo dental - Abeledo y Filpo en familia","description":"Breves consejos para el uso del hilo, cepillo interdental y raspado de lengua","robots":{"index":"index","follow":"follow","max-snippet":"max-snippet:-1","max-image-preview":"max-image-preview:large","max-video-preview":"max-video-preview:-1"},"canonical":"https:\/\/clinicaayf.com\/enfamilia\/2018\/11\/hilo-dental.html","og_locale":"es_ES","og_type":"article","og_title":"Hilo dental - Abeledo y Filpo en familia","og_description":"Breves consejos para el uso del hilo, cepillo interdental y raspado de lengua","og_url":"https:\/\/clinicaayf.com\/enfamilia\/2018\/11\/hilo-dental.html","og_site_name":"Abeledo y Filpo en familia","article_publisher":"https:\/\/www.facebook.com\/clinica.dental.abeledoyfilpo\/","article_published_time":"2018-11-13T13:29:30+00:00","article_modified_time":"2023-06-15T11:24:58+00:00","og_image":[{"width":900,"height":537,"url":"https:\/\/clinicaayf.com\/enfamilia\/wp-content\/uploads\/2018\/11\/hilo-dental.jpg","type":"image\/jpeg"}],"author":"Patrulla Dental","twitter_card":"summary_large_image","twitter_misc":{"Escrito por":"Patrulla Dental","Tiempo de lectura":"2 minutos"},"schema":{"@context":"https:\/\/schema.org","@graph":[{"@type":"Article","@id":"https:\/\/clinicaayf.com\/enfamilia\/2018\/11\/hilo-dental.html#article","isPartOf":{"@id":"https:\/\/clinicaayf.com\/enfamilia\/2018\/11\/hilo-dental.html"},"author":{"name":"Patrulla Dental","@id":"https:\/\/clinicaayf.com\/enfamilia\/#\/schema\/person\/67677c9d790510293038ecd843870158"},"headline":"Hilo dental","datePublished":"2018-11-13T13:29:30+00:00","dateModified":"2023-06-15T11:24:58+00:00","mainEntityOfPage":{"@id":"https:\/\/clinicaayf.com\/enfamilia\/2018\/11\/hilo-dental.html"},"wordCount":303,"publisher":{"@id":"https:\/\/clinicaayf.com\/enfamilia\/#organization"},"image":{"@id":"https:\/\/clinicaayf.com\/enfamilia\/2018\/11\/hilo-dental.html#primaryimage"},"thumbnailUrl":"https:\/\/clinicaayf.com\/enfamilia\/wp-content\/uploads\/2018\/11\/hilo-dental.jpg","articleSection":["consejos salud bucal"],"inLanguage":"es"},{"@type":"WebPage","@id":"https:\/\/clinicaayf.com\/enfamilia\/2018\/11\/hilo-dental.html","url":"https:\/\/clinicaayf.com\/enfamilia\/2018\/11\/hilo-dental.html","name":"Hilo dental - Abeledo y Filpo en familia","isPartOf":{"@id":"https:\/\/clinicaayf.com\/enfamilia\/#website"},"primaryImageOfPage":{"@id":"https:\/\/clinicaayf.com\/enfamilia\/2018\/11\/hilo-dental.html#primaryimage"},"image":{"@id":"https:\/\/clinicaayf.com\/enfamilia\/2018\/11\/hilo-dental.html#primaryimage"},"thumbnailUrl":"https:\/\/clinicaayf.com\/enfamilia\/wp-content\/uploads\/2018\/11\/hilo-dental.jpg","datePublished":"2018-11-13T13:29:30+00:00","dateModified":"2023-06-15T11:24:58+00:00","description":"Breves consejos para el uso del hilo, cepillo interdental y raspado de lengua","breadcrumb":{"@id":"https:\/\/clinicaayf.com\/enfamilia\/2018\/11\/hilo-dental.html#breadcrumb"},"inLanguage":"es","potentialAction":[{"@type":"ReadAction","target":["https:\/\/clinicaayf.com\/enfamilia\/2018\/11\/hilo-dental.html"]}]},{"@type":"ImageObject","inLanguage":"es","@id":"https:\/\/clinicaayf.com\/enfamilia\/2018\/11\/hilo-dental.html#primaryimage","url":"https:\/\/clinicaayf.com\/enfamilia\/wp-content\/uploads\/2018\/11\/hilo-dental.jpg","contentUrl":"https:\/\/clinicaayf.com\/enfamilia\/wp-content\/uploads\/2018\/11\/hilo-dental.jpg","width":900,"height":537,"caption":"uso hilo dental"},{"@type":"BreadcrumbList","@id":"https:\/\/clinicaayf.com\/enfamilia\/2018\/11\/hilo-dental.html#breadcrumb","itemListElement":[{"@type":"ListItem","position":1,"name":"Portada","item":"https:\/\/clinicaayf.com\/enfamilia\/"},{"@type":"ListItem","position":2,"name":"Hilo dental"}]},{"@type":"WebSite","@id":"https:\/\/clinicaayf.com\/enfamilia\/#website","url":"https:\/\/clinicaayf.com\/enfamilia\/","name":"Abeledo y Filpo Cl\u00ednica Dental","description":"Consejos e informaci\u00f3n dental. Suscr\u00edbete para mantener tu salud dental al d\u00eda.","publisher":{"@id":"https:\/\/clinicaayf.com\/enfamilia\/#organization"},"potentialAction":[{"@type":"SearchAction","target":{"@type":"EntryPoint","urlTemplate":"https:\/\/clinicaayf.com\/enfamilia\/?s={search_term_string}"},"query-input":{"@type":"PropertyValueSpecification","valueRequired":true,"valueName":"search_term_string"}}],"inLanguage":"es"},{"@type":"Organization","@id":"https:\/\/clinicaayf.com\/enfamilia\/#organization","name":"Cl\u00ednica Odontol\u00f3gica Abeledo y FIlpo","url":"https:\/\/clinicaayf.com\/enfamilia\/","logo":{"@type":"ImageObject","inLanguage":"es","@id":"https:\/\/clinicaayf.com\/enfamilia\/#\/schema\/logo\/image\/","url":"http:\/\/clinicaayf.com\/enfamilia\/wp-content\/uploads\/2018\/03\/19105598_142201426343254_64350248848668328_n.png","contentUrl":"http:\/\/clinicaayf.com\/enfamilia\/wp-content\/uploads\/2018\/03\/19105598_142201426343254_64350248848668328_n.png","width":339,"height":339,"caption":"Cl\u00ednica Odontol\u00f3gica Abeledo y FIlpo"},"image":{"@id":"https:\/\/clinicaayf.com\/enfamilia\/#\/schema\/logo\/image\/"},"sameAs":["https:\/\/www.facebook.com\/clinica.dental.abeledoyfilpo\/"]},{"@type":"Person","@id":"https:\/\/clinicaayf.com\/enfamilia\/#\/schema\/person\/67677c9d790510293038ecd843870158","name":"Patrulla Dental","image":{"@type":"ImageObject","inLanguage":"es","@id":"https:\/\/clinicaayf.com\/enfamilia\/#\/schema\/person\/image\/","url":"https:\/\/secure.gravatar.com\/avatar\/e90f04f201af36346be5ac9d403125e07bf245968fd4c99a31bccfa04d1191ae?s=96&d=mm&r=g","contentUrl":"https:\/\/secure.gravatar.com\/avatar\/e90f04f201af36346be5ac9d403125e07bf245968fd4c99a31bccfa04d1191ae?s=96&d=mm&r=g","caption":"Patrulla Dental"}}]}},"post_mailing_queue_ids":[],"_links":{"self":[{"href":"https:\/\/clinicaayf.com\/enfamilia\/wp-json\/wp\/v2\/posts\/287","targetHints":{"allow":["GET"]}}],"collection":[{"href":"https:\/\/clinicaayf.com\/enfamilia\/wp-json\/wp\/v2\/posts"}],"about":[{"href":"https:\/\/clinicaayf.com\/enfamilia\/wp-json\/wp\/v2\/types\/post"}],"author":[{"embeddable":true,"href":"https:\/\/clinicaayf.com\/enfamilia\/wp-json\/wp\/v2\/users\/1"}],"replies":[{"embeddable":true,"href":"https:\/\/clinicaayf.com\/enfamilia\/wp-json\/wp\/v2\/comments?post=287"}],"version-history":[{"count":9,"href":"https:\/\/clinicaayf.com\/enfamilia\/wp-json\/wp\/v2\/posts\/287\/revisions"}],"predecessor-version":[{"id":494,"href":"https:\/\/clinicaayf.com\/enfamilia\/wp-json\/wp\/v2\/posts\/287\/revisions\/494"}],"wp:featuredmedia":[{"embeddable":true,"href":"https:\/\/clinicaayf.com\/enfamilia\/wp-json\/wp\/v2\/media\/289"}],"wp:attachment":[{"href":"https:\/\/clinicaayf.com\/enfamilia\/wp-json\/wp\/v2\/media?parent=287"}],"wp:term":[{"taxonomy":"category","embeddable":true,"href":"https:\/\/clinicaayf.com\/enfamilia\/wp-json\/wp\/v2\/categories?post=287"},{"taxonomy":"post_tag","embeddable":true,"href":"https:\/\/clinicaayf.com\/enfamilia\/wp-json\/wp\/v2\/tags?post=287"}],"curies":[{"name":"wp","href":"https:\/\/api.w.org\/{rel}","templated":true}]}}