{"id":315,"date":"2019-02-06T10:35:59","date_gmt":"2019-02-06T10:35:59","guid":{"rendered":"http:\/\/clinicaayf.com\/enfamilia\/?p=315"},"modified":"2023-06-15T11:24:57","modified_gmt":"2023-06-15T11:24:57","slug":"consejos-para-la-deteccion-precoz-del-cancer-oral","status":"publish","type":"post","link":"https:\/\/clinicaayf.com\/enfamilia\/2019\/02\/consejos-para-la-deteccion-precoz-del-cancer-oral.html","title":{"rendered":"Consejos para la detecci\u00f3n precoz del C\u00e1ncer oral"},"content":{"rendered":"<p><img fetchpriority=\"high\" decoding=\"async\" src=\"https:\/\/clinicaayf.com\/enfamilia\/wp-content\/uploads\/2019\/02\/contra-cancer-oral.jpg\" alt=\"contra el c\u00e1ncer\" srcset=\"https:\/\/clinicaayf.com\/enfamilia\/wp-content\/uploads\/2019\/02\/contra-cancer-oral.jpg 500w, https:\/\/clinicaayf.com\/enfamilia\/wp-content\/uploads\/2019\/02\/contra-cancer-oral-150x150.jpg 150w, https:\/\/clinicaayf.com\/enfamilia\/wp-content\/uploads\/2019\/02\/contra-cancer-oral-300x300.jpg 300w\" sizes=\"(max-width: 500px) 100vw, 500px\" width=\"500\" height=\"500\" \/><\/p>\r\n\r\n<p>&nbsp;<\/p>\r\n\r\n\r\n\r\n<p>El 4 de Febrero es el D\u00eda Mundial contra el C\u00e1ncer, y en primer lugar queremos mostrar nuestro apoyo a todas las personas que se han visto afectadas por esta enfermedad, sea del tipo que sea.<\/p>\r\n\r\n\r\n\r\n<p>Pero para centrarnos en nuestro sector de la salud de nuestra boca, queremos tratar el tema del c\u00e1ncer oral, ya que es un c\u00e1ncer que en el 25% de las ocasiones no se diagnostica de forma precoz. En muchas ocasiones esto puede deberse a una falta de control de nuestra salud bucal. Al a\u00f1o se detectan unos 7000 casos en Espa\u00f1a de este tipo de c\u00e1ncer.<\/p>\r\n\r\n\r\n\r\n<p>Especialmente a partir de los 40 a\u00f1os, debemos hacernos una &#8220;autorevisi\u00f3n&#8221; de nuestra boca. Debemos ser cautos si vemos cambios en nuestra boca, como heridas sin causa aparente, bultos , formaciones, o cambios de pigmentaci\u00f3n y al menos 1 o 2 veces al a\u00f1o, realizar una revisi\u00f3n bucal en nuestro dentista. Y todo esto con el fin de al tener un diagn\u00f3stico precoz, poder dar una soluci\u00f3n a la enfermedad.<\/p>\r\n\r\n\r\n\r\n<p>&nbsp;<\/p>\r\n\r\n\r\n\r\n<p><strong>Causas y s\u00edntomas<\/strong><\/p>\r\n\r\n\r\n\r\n<p>Los factores de riesgo que influyen en el c\u00e1ncer oral son el consumo de alcohol y tabaco, infecciones por algunos tipos de virus, mala higiene dental, o heridas causadas por pr\u00f3tesis que no han realizado el mantenimiento y las revisiones adecuadas y que rozan la mucosa oral.<\/p>\r\n\r\n\r\n\r\n<p><br \/>Para prevenir el c\u00e1ncer oral, debemos llevar a cabo una dieta sana y equilibrada, evitando todo lo posible el tabaco y alcohol, as\u00ed como llevar a cabo una buena higiene dental y revisiones peri\u00f3dicas. Si detectas cualquier herida en la boca, esta debe ser tratada y revisada por un odont\u00f3logo, sobre todo si se prolonga a lo largo de varios d\u00edas. <br \/>Algunos s\u00edntomas del c\u00e1ncer oral pueden ser la aparici\u00f3n de peque\u00f1as heridas o \u00falceras, bultos y zonas de placas rojas o blancas que no mejoran al cabo de 15 d\u00edas desde su aparici\u00f3n. <\/p>\r\n\r\n\r\n\r\n<p>Insistimos en realizar al menos una revisi\u00f3n a fondo anual, aunque no hayamos tenido ning\u00fan problema. Y adem\u00e1s en nuestra propia casa debemos revisar nuestra boca asiduamente, examinando labios, paladar, lengua, enc\u00edas, dientes y parte interna de mejillas.<\/p>\r\n\r\n\r\n\r\n<p>&nbsp;<\/p>\r\n\r\n\r\n\r\n<p>&nbsp;<\/p>\r\n\r\n<p><!--StartFragment--><\/p>\r\n<div class=\"wp-block-image\">\r\n<figure class=\"alignleft\"><a href=\"https:\/\/clinicaayf.com\/enfamilia\/wp-content\/uploads\/2018\/03\/Mayte_Abeledo.png\"><img decoding=\"async\" src=\"https:\/\/clinicaayf.com\/enfamilia\/wp-content\/uploads\/2018\/03\/Mayte_Abeledo-298x300.png\" alt=\"Mayte Abeledo Becerra\" \/><\/a><\/figure>\r\n<\/div>\r\n<p><!-- \/wp:post-content --><\/p>\r\n<p><!-- wp:paragraph --><\/p>\r\n<p><strong>Dra. Mayte Abeledo Becerra\u00a0<\/strong><\/p>\r\n<p><!-- \/wp:paragraph --><\/p>\r\n<p><!-- wp:paragraph --><\/p>\r\n<p><strong>Odont\u00f3loga Especialista en Cirug\u00eda Oral y Ortodoncia<\/strong><\/p>\r\n<p><!-- \/wp:paragraph --><\/p>\r\n<p><!-- wp:paragraph --><\/p>\r\n<p>Cl\u00ednica Odontol\u00f3gica Abeledo y Filpo<\/p>\r\n<p>Calle San Roque, 38-40, Lugo<\/p>\r\n<p><a href=\"http:\/\/www.clinicaayf.com\/\">www.clinicaayf.com<\/a><\/p>\r\n<p>Tel\u00e9fono: 982 816 930<\/p>\r\n<p><!--EndFragment--><\/p>\r\n<p>&nbsp;<\/p>","protected":false},"excerpt":{"rendered":"<p>&nbsp; El 4 de Febrero es el D\u00eda Mundial contra el C\u00e1ncer, y en primer lugar queremos mostrar nuestro apoyo a todas las personas que se han visto afectadas por esta enfermedad, sea del tipo que sea. Pero para centrarnos en nuestro sector de la salud de nuestra boca, queremos tratar el tema del c\u00e1ncer &hellip; <\/p>\n<p class=\"link-more\"><a href=\"https:\/\/clinicaayf.com\/enfamilia\/2019\/02\/consejos-para-la-deteccion-precoz-del-cancer-oral.html\" class=\"more-link\">Continuar leyendo<span class=\"screen-reader-text\"> &#8220;Consejos para la detecci\u00f3n precoz del C\u00e1ncer oral&#8221;<\/span><\/a><\/p>\n","protected":false},"author":1,"featured_media":317,"comment_status":"closed","ping_status":"open","sticky":false,"template":"","format":"standard","meta":{"footnotes":""},"categories":[4],"tags":[],"class_list":["post-315","post","type-post","status-publish","format-standard","has-post-thumbnail","hentry","category-consejos-salud-bucal"],"yoast_head":"<!-- This site is optimized with the Yoast SEO plugin v26.2 - https:\/\/yoast.com\/wordpress\/plugins\/seo\/ -->\n<title>Consejos para la detecci\u00f3n precoz del C\u00e1ncer oral - Abeledo y Filpo en familia<\/title>\n<meta name=\"robots\" content=\"index, follow, max-snippet:-1, max-image-preview:large, max-video-preview:-1\" \/>\n<link rel=\"canonical\" href=\"https:\/\/clinicaayf.com\/enfamilia\/2019\/02\/consejos-para-la-deteccion-precoz-del-cancer-oral.html\" \/>\n<meta property=\"og:locale\" content=\"es_ES\" \/>\n<meta property=\"og:type\" content=\"article\" \/>\n<meta property=\"og:title\" content=\"Consejos para la detecci\u00f3n precoz del C\u00e1ncer oral - Abeledo y Filpo en familia\" \/>\n<meta property=\"og:description\" content=\"&nbsp; El 4 de Febrero es el D\u00eda Mundial contra el C\u00e1ncer, y en primer lugar queremos mostrar nuestro apoyo a todas las personas que se han visto afectadas por esta enfermedad, sea del tipo que sea. Pero para centrarnos en nuestro sector de la salud de nuestra boca, queremos tratar el tema del c\u00e1ncer &hellip; Continuar leyendo &quot;Consejos para la detecci\u00f3n precoz del C\u00e1ncer oral&quot;\" \/>\n<meta property=\"og:url\" content=\"https:\/\/clinicaayf.com\/enfamilia\/2019\/02\/consejos-para-la-deteccion-precoz-del-cancer-oral.html\" \/>\n<meta property=\"og:site_name\" content=\"Abeledo y Filpo en familia\" \/>\n<meta property=\"article:publisher\" content=\"https:\/\/www.facebook.com\/clinica.dental.abeledoyfilpo\/\" \/>\n<meta property=\"article:published_time\" content=\"2019-02-06T10:35:59+00:00\" \/>\n<meta property=\"article:modified_time\" content=\"2023-06-15T11:24:57+00:00\" \/>\n<meta property=\"og:image\" content=\"https:\/\/clinicaayf.com\/enfamilia\/wp-content\/uploads\/2019\/02\/contra-cancer-oral.jpg\" \/>\n\t<meta property=\"og:image:width\" content=\"500\" \/>\n\t<meta property=\"og:image:height\" content=\"500\" \/>\n\t<meta property=\"og:image:type\" content=\"image\/jpeg\" \/>\n<meta name=\"author\" content=\"Patrulla Dental\" \/>\n<meta name=\"twitter:card\" content=\"summary_large_image\" \/>\n<meta name=\"twitter:label1\" content=\"Escrito por\" \/>\n\t<meta name=\"twitter:data1\" content=\"Patrulla Dental\" \/>\n\t<meta name=\"twitter:label2\" content=\"Tiempo de lectura\" \/>\n\t<meta name=\"twitter:data2\" content=\"3 minutos\" \/>\n<script type=\"application\/ld+json\" class=\"yoast-schema-graph\">{\"@context\":\"https:\/\/schema.org\",\"@graph\":[{\"@type\":\"Article\",\"@id\":\"https:\/\/clinicaayf.com\/enfamilia\/2019\/02\/consejos-para-la-deteccion-precoz-del-cancer-oral.html#article\",\"isPartOf\":{\"@id\":\"https:\/\/clinicaayf.com\/enfamilia\/2019\/02\/consejos-para-la-deteccion-precoz-del-cancer-oral.html\"},\"author\":{\"name\":\"Patrulla Dental\",\"@id\":\"https:\/\/clinicaayf.com\/enfamilia\/#\/schema\/person\/67677c9d790510293038ecd843870158\"},\"headline\":\"Consejos para la detecci\u00f3n precoz del C\u00e1ncer oral\",\"datePublished\":\"2019-02-06T10:35:59+00:00\",\"dateModified\":\"2023-06-15T11:24:57+00:00\",\"mainEntityOfPage\":{\"@id\":\"https:\/\/clinicaayf.com\/enfamilia\/2019\/02\/consejos-para-la-deteccion-precoz-del-cancer-oral.html\"},\"wordCount\":422,\"publisher\":{\"@id\":\"https:\/\/clinicaayf.com\/enfamilia\/#organization\"},\"image\":{\"@id\":\"https:\/\/clinicaayf.com\/enfamilia\/2019\/02\/consejos-para-la-deteccion-precoz-del-cancer-oral.html#primaryimage\"},\"thumbnailUrl\":\"https:\/\/clinicaayf.com\/enfamilia\/wp-content\/uploads\/2019\/02\/contra-cancer-oral.jpg\",\"articleSection\":[\"consejos salud bucal\"],\"inLanguage\":\"es\"},{\"@type\":\"WebPage\",\"@id\":\"https:\/\/clinicaayf.com\/enfamilia\/2019\/02\/consejos-para-la-deteccion-precoz-del-cancer-oral.html\",\"url\":\"https:\/\/clinicaayf.com\/enfamilia\/2019\/02\/consejos-para-la-deteccion-precoz-del-cancer-oral.html\",\"name\":\"Consejos para la detecci\u00f3n precoz del C\u00e1ncer oral - Abeledo y Filpo en familia\",\"isPartOf\":{\"@id\":\"https:\/\/clinicaayf.com\/enfamilia\/#website\"},\"primaryImageOfPage\":{\"@id\":\"https:\/\/clinicaayf.com\/enfamilia\/2019\/02\/consejos-para-la-deteccion-precoz-del-cancer-oral.html#primaryimage\"},\"image\":{\"@id\":\"https:\/\/clinicaayf.com\/enfamilia\/2019\/02\/consejos-para-la-deteccion-precoz-del-cancer-oral.html#primaryimage\"},\"thumbnailUrl\":\"https:\/\/clinicaayf.com\/enfamilia\/wp-content\/uploads\/2019\/02\/contra-cancer-oral.jpg\",\"datePublished\":\"2019-02-06T10:35:59+00:00\",\"dateModified\":\"2023-06-15T11:24:57+00:00\",\"breadcrumb\":{\"@id\":\"https:\/\/clinicaayf.com\/enfamilia\/2019\/02\/consejos-para-la-deteccion-precoz-del-cancer-oral.html#breadcrumb\"},\"inLanguage\":\"es\",\"potentialAction\":[{\"@type\":\"ReadAction\",\"target\":[\"https:\/\/clinicaayf.com\/enfamilia\/2019\/02\/consejos-para-la-deteccion-precoz-del-cancer-oral.html\"]}]},{\"@type\":\"ImageObject\",\"inLanguage\":\"es\",\"@id\":\"https:\/\/clinicaayf.com\/enfamilia\/2019\/02\/consejos-para-la-deteccion-precoz-del-cancer-oral.html#primaryimage\",\"url\":\"https:\/\/clinicaayf.com\/enfamilia\/wp-content\/uploads\/2019\/02\/contra-cancer-oral.jpg\",\"contentUrl\":\"https:\/\/clinicaayf.com\/enfamilia\/wp-content\/uploads\/2019\/02\/contra-cancer-oral.jpg\",\"width\":500,\"height\":500,\"caption\":\"contra el c\u00e1ncer\"},{\"@type\":\"BreadcrumbList\",\"@id\":\"https:\/\/clinicaayf.com\/enfamilia\/2019\/02\/consejos-para-la-deteccion-precoz-del-cancer-oral.html#breadcrumb\",\"itemListElement\":[{\"@type\":\"ListItem\",\"position\":1,\"name\":\"Portada\",\"item\":\"https:\/\/clinicaayf.com\/enfamilia\/\"},{\"@type\":\"ListItem\",\"position\":2,\"name\":\"Consejos para la detecci\u00f3n precoz del C\u00e1ncer oral\"}]},{\"@type\":\"WebSite\",\"@id\":\"https:\/\/clinicaayf.com\/enfamilia\/#website\",\"url\":\"https:\/\/clinicaayf.com\/enfamilia\/\",\"name\":\"Abeledo y Filpo Cl\u00ednica Dental\",\"description\":\"Consejos e informaci\u00f3n dental. Suscr\u00edbete para mantener tu salud dental al d\u00eda.\",\"publisher\":{\"@id\":\"https:\/\/clinicaayf.com\/enfamilia\/#organization\"},\"potentialAction\":[{\"@type\":\"SearchAction\",\"target\":{\"@type\":\"EntryPoint\",\"urlTemplate\":\"https:\/\/clinicaayf.com\/enfamilia\/?s={search_term_string}\"},\"query-input\":{\"@type\":\"PropertyValueSpecification\",\"valueRequired\":true,\"valueName\":\"search_term_string\"}}],\"inLanguage\":\"es\"},{\"@type\":\"Organization\",\"@id\":\"https:\/\/clinicaayf.com\/enfamilia\/#organization\",\"name\":\"Cl\u00ednica Odontol\u00f3gica Abeledo y FIlpo\",\"url\":\"https:\/\/clinicaayf.com\/enfamilia\/\",\"logo\":{\"@type\":\"ImageObject\",\"inLanguage\":\"es\",\"@id\":\"https:\/\/clinicaayf.com\/enfamilia\/#\/schema\/logo\/image\/\",\"url\":\"http:\/\/clinicaayf.com\/enfamilia\/wp-content\/uploads\/2018\/03\/19105598_142201426343254_64350248848668328_n.png\",\"contentUrl\":\"http:\/\/clinicaayf.com\/enfamilia\/wp-content\/uploads\/2018\/03\/19105598_142201426343254_64350248848668328_n.png\",\"width\":339,\"height\":339,\"caption\":\"Cl\u00ednica Odontol\u00f3gica Abeledo y FIlpo\"},\"image\":{\"@id\":\"https:\/\/clinicaayf.com\/enfamilia\/#\/schema\/logo\/image\/\"},\"sameAs\":[\"https:\/\/www.facebook.com\/clinica.dental.abeledoyfilpo\/\"]},{\"@type\":\"Person\",\"@id\":\"https:\/\/clinicaayf.com\/enfamilia\/#\/schema\/person\/67677c9d790510293038ecd843870158\",\"name\":\"Patrulla Dental\",\"image\":{\"@type\":\"ImageObject\",\"inLanguage\":\"es\",\"@id\":\"https:\/\/clinicaayf.com\/enfamilia\/#\/schema\/person\/image\/\",\"url\":\"https:\/\/secure.gravatar.com\/avatar\/e90f04f201af36346be5ac9d403125e07bf245968fd4c99a31bccfa04d1191ae?s=96&d=mm&r=g\",\"contentUrl\":\"https:\/\/secure.gravatar.com\/avatar\/e90f04f201af36346be5ac9d403125e07bf245968fd4c99a31bccfa04d1191ae?s=96&d=mm&r=g\",\"caption\":\"Patrulla Dental\"}}]}<\/script>\n<!-- \/ Yoast SEO plugin. -->","yoast_head_json":{"title":"Consejos para la detecci\u00f3n precoz del C\u00e1ncer oral - Abeledo y Filpo en familia","robots":{"index":"index","follow":"follow","max-snippet":"max-snippet:-1","max-image-preview":"max-image-preview:large","max-video-preview":"max-video-preview:-1"},"canonical":"https:\/\/clinicaayf.com\/enfamilia\/2019\/02\/consejos-para-la-deteccion-precoz-del-cancer-oral.html","og_locale":"es_ES","og_type":"article","og_title":"Consejos para la detecci\u00f3n precoz del C\u00e1ncer oral - Abeledo y Filpo en familia","og_description":"&nbsp; El 4 de Febrero es el D\u00eda Mundial contra el C\u00e1ncer, y en primer lugar queremos mostrar nuestro apoyo a todas las personas que se han visto afectadas por esta enfermedad, sea del tipo que sea. Pero para centrarnos en nuestro sector de la salud de nuestra boca, queremos tratar el tema del c\u00e1ncer &hellip; Continuar leyendo \"Consejos para la detecci\u00f3n precoz del C\u00e1ncer oral\"","og_url":"https:\/\/clinicaayf.com\/enfamilia\/2019\/02\/consejos-para-la-deteccion-precoz-del-cancer-oral.html","og_site_name":"Abeledo y Filpo en familia","article_publisher":"https:\/\/www.facebook.com\/clinica.dental.abeledoyfilpo\/","article_published_time":"2019-02-06T10:35:59+00:00","article_modified_time":"2023-06-15T11:24:57+00:00","og_image":[{"width":500,"height":500,"url":"https:\/\/clinicaayf.com\/enfamilia\/wp-content\/uploads\/2019\/02\/contra-cancer-oral.jpg","type":"image\/jpeg"}],"author":"Patrulla Dental","twitter_card":"summary_large_image","twitter_misc":{"Escrito por":"Patrulla Dental","Tiempo de lectura":"3 minutos"},"schema":{"@context":"https:\/\/schema.org","@graph":[{"@type":"Article","@id":"https:\/\/clinicaayf.com\/enfamilia\/2019\/02\/consejos-para-la-deteccion-precoz-del-cancer-oral.html#article","isPartOf":{"@id":"https:\/\/clinicaayf.com\/enfamilia\/2019\/02\/consejos-para-la-deteccion-precoz-del-cancer-oral.html"},"author":{"name":"Patrulla Dental","@id":"https:\/\/clinicaayf.com\/enfamilia\/#\/schema\/person\/67677c9d790510293038ecd843870158"},"headline":"Consejos para la detecci\u00f3n precoz del C\u00e1ncer oral","datePublished":"2019-02-06T10:35:59+00:00","dateModified":"2023-06-15T11:24:57+00:00","mainEntityOfPage":{"@id":"https:\/\/clinicaayf.com\/enfamilia\/2019\/02\/consejos-para-la-deteccion-precoz-del-cancer-oral.html"},"wordCount":422,"publisher":{"@id":"https:\/\/clinicaayf.com\/enfamilia\/#organization"},"image":{"@id":"https:\/\/clinicaayf.com\/enfamilia\/2019\/02\/consejos-para-la-deteccion-precoz-del-cancer-oral.html#primaryimage"},"thumbnailUrl":"https:\/\/clinicaayf.com\/enfamilia\/wp-content\/uploads\/2019\/02\/contra-cancer-oral.jpg","articleSection":["consejos salud bucal"],"inLanguage":"es"},{"@type":"WebPage","@id":"https:\/\/clinicaayf.com\/enfamilia\/2019\/02\/consejos-para-la-deteccion-precoz-del-cancer-oral.html","url":"https:\/\/clinicaayf.com\/enfamilia\/2019\/02\/consejos-para-la-deteccion-precoz-del-cancer-oral.html","name":"Consejos para la detecci\u00f3n precoz del C\u00e1ncer oral - Abeledo y Filpo en familia","isPartOf":{"@id":"https:\/\/clinicaayf.com\/enfamilia\/#website"},"primaryImageOfPage":{"@id":"https:\/\/clinicaayf.com\/enfamilia\/2019\/02\/consejos-para-la-deteccion-precoz-del-cancer-oral.html#primaryimage"},"image":{"@id":"https:\/\/clinicaayf.com\/enfamilia\/2019\/02\/consejos-para-la-deteccion-precoz-del-cancer-oral.html#primaryimage"},"thumbnailUrl":"https:\/\/clinicaayf.com\/enfamilia\/wp-content\/uploads\/2019\/02\/contra-cancer-oral.jpg","datePublished":"2019-02-06T10:35:59+00:00","dateModified":"2023-06-15T11:24:57+00:00","breadcrumb":{"@id":"https:\/\/clinicaayf.com\/enfamilia\/2019\/02\/consejos-para-la-deteccion-precoz-del-cancer-oral.html#breadcrumb"},"inLanguage":"es","potentialAction":[{"@type":"ReadAction","target":["https:\/\/clinicaayf.com\/enfamilia\/2019\/02\/consejos-para-la-deteccion-precoz-del-cancer-oral.html"]}]},{"@type":"ImageObject","inLanguage":"es","@id":"https:\/\/clinicaayf.com\/enfamilia\/2019\/02\/consejos-para-la-deteccion-precoz-del-cancer-oral.html#primaryimage","url":"https:\/\/clinicaayf.com\/enfamilia\/wp-content\/uploads\/2019\/02\/contra-cancer-oral.jpg","contentUrl":"https:\/\/clinicaayf.com\/enfamilia\/wp-content\/uploads\/2019\/02\/contra-cancer-oral.jpg","width":500,"height":500,"caption":"contra el c\u00e1ncer"},{"@type":"BreadcrumbList","@id":"https:\/\/clinicaayf.com\/enfamilia\/2019\/02\/consejos-para-la-deteccion-precoz-del-cancer-oral.html#breadcrumb","itemListElement":[{"@type":"ListItem","position":1,"name":"Portada","item":"https:\/\/clinicaayf.com\/enfamilia\/"},{"@type":"ListItem","position":2,"name":"Consejos para la detecci\u00f3n precoz del C\u00e1ncer oral"}]},{"@type":"WebSite","@id":"https:\/\/clinicaayf.com\/enfamilia\/#website","url":"https:\/\/clinicaayf.com\/enfamilia\/","name":"Abeledo y Filpo Cl\u00ednica Dental","description":"Consejos e informaci\u00f3n dental. Suscr\u00edbete para mantener tu salud dental al d\u00eda.","publisher":{"@id":"https:\/\/clinicaayf.com\/enfamilia\/#organization"},"potentialAction":[{"@type":"SearchAction","target":{"@type":"EntryPoint","urlTemplate":"https:\/\/clinicaayf.com\/enfamilia\/?s={search_term_string}"},"query-input":{"@type":"PropertyValueSpecification","valueRequired":true,"valueName":"search_term_string"}}],"inLanguage":"es"},{"@type":"Organization","@id":"https:\/\/clinicaayf.com\/enfamilia\/#organization","name":"Cl\u00ednica Odontol\u00f3gica Abeledo y FIlpo","url":"https:\/\/clinicaayf.com\/enfamilia\/","logo":{"@type":"ImageObject","inLanguage":"es","@id":"https:\/\/clinicaayf.com\/enfamilia\/#\/schema\/logo\/image\/","url":"http:\/\/clinicaayf.com\/enfamilia\/wp-content\/uploads\/2018\/03\/19105598_142201426343254_64350248848668328_n.png","contentUrl":"http:\/\/clinicaayf.com\/enfamilia\/wp-content\/uploads\/2018\/03\/19105598_142201426343254_64350248848668328_n.png","width":339,"height":339,"caption":"Cl\u00ednica Odontol\u00f3gica Abeledo y FIlpo"},"image":{"@id":"https:\/\/clinicaayf.com\/enfamilia\/#\/schema\/logo\/image\/"},"sameAs":["https:\/\/www.facebook.com\/clinica.dental.abeledoyfilpo\/"]},{"@type":"Person","@id":"https:\/\/clinicaayf.com\/enfamilia\/#\/schema\/person\/67677c9d790510293038ecd843870158","name":"Patrulla Dental","image":{"@type":"ImageObject","inLanguage":"es","@id":"https:\/\/clinicaayf.com\/enfamilia\/#\/schema\/person\/image\/","url":"https:\/\/secure.gravatar.com\/avatar\/e90f04f201af36346be5ac9d403125e07bf245968fd4c99a31bccfa04d1191ae?s=96&d=mm&r=g","contentUrl":"https:\/\/secure.gravatar.com\/avatar\/e90f04f201af36346be5ac9d403125e07bf245968fd4c99a31bccfa04d1191ae?s=96&d=mm&r=g","caption":"Patrulla Dental"}}]}},"post_mailing_queue_ids":[],"_links":{"self":[{"href":"https:\/\/clinicaayf.com\/enfamilia\/wp-json\/wp\/v2\/posts\/315","targetHints":{"allow":["GET"]}}],"collection":[{"href":"https:\/\/clinicaayf.com\/enfamilia\/wp-json\/wp\/v2\/posts"}],"about":[{"href":"https:\/\/clinicaayf.com\/enfamilia\/wp-json\/wp\/v2\/types\/post"}],"author":[{"embeddable":true,"href":"https:\/\/clinicaayf.com\/enfamilia\/wp-json\/wp\/v2\/users\/1"}],"replies":[{"embeddable":true,"href":"https:\/\/clinicaayf.com\/enfamilia\/wp-json\/wp\/v2\/comments?post=315"}],"version-history":[{"count":11,"href":"https:\/\/clinicaayf.com\/enfamilia\/wp-json\/wp\/v2\/posts\/315\/revisions"}],"predecessor-version":[{"id":589,"href":"https:\/\/clinicaayf.com\/enfamilia\/wp-json\/wp\/v2\/posts\/315\/revisions\/589"}],"wp:featuredmedia":[{"embeddable":true,"href":"https:\/\/clinicaayf.com\/enfamilia\/wp-json\/wp\/v2\/media\/317"}],"wp:attachment":[{"href":"https:\/\/clinicaayf.com\/enfamilia\/wp-json\/wp\/v2\/media?parent=315"}],"wp:term":[{"taxonomy":"category","embeddable":true,"href":"https:\/\/clinicaayf.com\/enfamilia\/wp-json\/wp\/v2\/categories?post=315"},{"taxonomy":"post_tag","embeddable":true,"href":"https:\/\/clinicaayf.com\/enfamilia\/wp-json\/wp\/v2\/tags?post=315"}],"curies":[{"name":"wp","href":"https:\/\/api.w.org\/{rel}","templated":true}]}}